{"id":9031,"date":"2010-03-10T10:00:00","date_gmt":"2010-03-10T09:00:00","guid":{"rendered":"https:\/\/www.igmg.org\/?p=9031"},"modified":"2015-02-16T10:46:10","modified_gmt":"2015-02-16T09:46:10","slug":"rhein-neckar-saar-ba%c2%b6lgesi-cemiyet-baaykanlarae%c2%b1-toplantae%c2%b1sae%c2%b1-yapae%c2%b1ldae%c2%b1","status":"publish","type":"post","link":"https:\/\/www.igmg.org\/tr\/rhein-neckar-saar-ba%c2%b6lgesi-cemiyet-baaykanlarae%c2%b1-toplantae%c2%b1sae%c2%b1-yapae%c2%b1ldae%c2%b1\/","title":{"rendered":"Rhein Neckar Saar B\u00f6lgesi Cemiyet Ba\u015fkanlar\u0131 Toplant\u0131s\u0131 yap\u0131ld\u0131"},"content":{"rendered":"<p>Ya\u015far \u00c7im\u015fit, ayr\u0131ca toplumun derdini bilen ve onlara \u00e7\u00f6z\u00fcm \u00fcretecek yetenekli insanlara ihtiyac\u0131m\u0131z oldu\u011funu belirterek, &#8220;Cemiyetlerde yap\u0131lan hizmetleri daha fazla insanlara ula\u015ft\u0131rman\u0131n yollar\u0131n\u0131 aramam\u0131z gerekmektedir, hem gen\u00e7lere hem kad\u0131nlara y\u00f6nelik faaliyetlerimizi yo\u011funla\u015ft\u0131rarak onlar\u0131n sorunlar\u0131na e\u011filmemiz ve \u00e7\u00f6z\u00fcm \u00fcretme noktas\u0131nda daha fazla gayret etmemiz inanc\u0131m\u0131z gere\u011fidir&#8221;\u009d\u015feklinde konu\u015ftu.<\/p>\n<p>Toplant\u0131n\u0131n ak\u0131\u015f\u0131 i\u00e7inde birim ba\u015fkanlar\u0131n\u0131n sunmu\u015f olduklar\u0131 faaliyetler ve cemiyetlerin&nbsp;yapmas\u0131 gereken \u00e7al\u0131\u015fmalar takip edildi. Daha sonra cemiyet ba\u015fkanlar\u0131n\u0131n dikkat etmesi gereken mali ve muhasebe ile ilgili bilgilendirme ve \u00e7al\u0131\u015fmay\u0131, dernek ve cemiyet muhasebesi konusunda uzman olan Bayram T\u00fcrko\u011flu haz\u0131rlam\u0131\u015f oldu\u011fu seminer ile takdim etti.&nbsp;<\/p>\n<p> Genel Merkezden misafir olarak kat\u0131lan Genel Ba\u015fkan Yard\u0131mc\u0131s\u0131 ve Sosyal Hizmeteler Ba\u015fkan\u0131 Ali Bozkurt yapm\u0131\u015f oldu\u011fu konu\u015fmada b\u00f6lge ve cemiyet idarecilerine te\u015fekk\u00fcr ederek, &#8220;\u00c7ok hay\u0131rl\u0131 hizmetlerde bulunmaktas\u0131n\u0131z \u00e7\u00fcnk\u00fc bu \u00e7al\u0131\u015fmalar\u0131n\u0131z yery\u00fcz\u00fcnde mazlum ve ma\u011fdurun sevinmesine vesile olmaktad\u0131r&#8221;\u009d dedi.<\/p>\n<p> B\u00f6lge Sorumlusu Ramazan Ba\u015fl\u0131k ise&nbsp;yapt\u0131\u011f\u0131 konu\u015fmada, &#8220;IGMG Rhein Neckar Saar B\u00f6lgesi olarak b\u00f6lgeler aras\u0131 \u00e7al\u0131\u015fmalarda hep farkl\u0131 \u00e7al\u0131\u015fmalarla \u00f6rnek olmu\u015f bir b\u00f6lgesiniz bu gayretli \u00e7al\u0131\u015fman\u0131z\u0131n devam\u0131n\u0131 diler eme\u011fi ge\u00e7en t\u00fcm idarecilerimize ve \u00fcyelerimize te\u015fekk\u00fcr ederim&#8221;\u009ddedi.<\/p>\n<p> Avrupada helal kesim ve zertifikas\u0131 konusunda bilgi veren yusuf \u00e7alkara uzun y\u0131llard\u0131r b\u00fcy\u00fck bir sorun olan helal g\u0131da ve helal zertifika konusunda geni\u015f bir bilgi sunarak cemiyet ba\u015fkanlar\u0131n\u0131 bilgilendirdi.<br \/>\n &nbsp;<br \/>\n \u0130ki g\u00fcn yap\u0131lan toplant\u0131n\u0131n kapan\u0131\u015f konu\u015fmas\u0131nda B\u00f6lge Ba\u015fkan\u0131 Ya\u015far Cim\u015fit, buradaki M\u00fcsl\u00fcman varl\u0131\u011f\u0131n\u0131n devam\u0131n\u0131n bizlere ba\u011fl\u0131 oldu\u011funu ve bu toplum i\u00e7inde iyiyi, g\u00fczeli, faydal\u0131y\u0131 ve adaletin tesisi i\u00e7in hepimize b\u00fcy\u00fck g\u00f6revler d\u00fc\u015ft\u00fcg\u00fcn\u00fc ifade etti. \u00c7im\u015fit, ayr\u0131ca &#8220;\u00c7ocuklar\u0131m\u0131z\u0131n M\u00fcsl\u00fcman olarak yeti\u015fmesi i\u00e7i cemiyetlerimizde e\u011fitime&nbsp; \u00f6nem vermemiz gerekmektedir. \u00c7al\u0131\u015fmalar\u0131m\u0131z\u0131n yo\u011fun oldu\u011fu bir d\u00f6nem i\u00e7inde hem Ostern ve hemde Pfingsten tatillerinde b\u00f6lge olarak yapaca\u011f\u0131m\u0131z kutsal beldeleri ziyaret yani umre kay\u0131tlar\u0131 devam edecektir, gen\u00e7leri bu ibadete y\u00f6nlendirmenizi rica ediyor, kat\u0131l\u0131m\u0131n\u0131zdan dolay\u0131 te\u015fekk\u00fcr ediyorum&#8221;\u009d dedi.(ik)<\/p>\n","protected":false},"excerpt":{"rendered":"<p>Mainz Barbaros Cemiyeti&#8217;nde yap\u0131lan B\u00f6lge Cemiyet Ba\u015fkanlar\u0131 Toplant\u0131s\u0131 eksiksiz kat\u0131l\u0131m ile yap\u0131ld\u0131. B\u00f6lge Ba\u015fkan\u0131 Ya\u015far Cim\u015fit, te\u015fkilat olarak faaliyetlerimizi daha verimli, daha profosyonel yapabilmemiz i\u00e7in vas\u0131fl\u0131 ve \u00fcretgen idareciler yeti\u015ftirilmesi gerekmekti\u011fini vurgulad\u0131. <\/p>\n","protected":false},"author":1,"featured_media":0,"comment_status":"open","ping_status":"closed","sticky":false,"template":"","format":"standard","meta":{"ngg_post_thumbnail":0},"categories":[23238,24,23255],"tags":[],"_links":{"self":[{"href":"https:\/\/www.igmg.org\/tr\/wp-json\/wp\/v2\/posts\/9031"}],"collection":[{"href":"https:\/\/www.igmg.org\/tr\/wp-json\/wp\/v2\/posts"}],"about":[{"href":"https:\/\/www.igmg.org\/tr\/wp-json\/wp\/v2\/types\/post"}],"author":[{"embeddable":true,"href":"https:\/\/www.igmg.org\/tr\/wp-json\/wp\/v2\/users\/1"}],"replies":[{"embeddable":true,"href":"https:\/\/www.igmg.org\/tr\/wp-json\/wp\/v2\/comments?post=9031"}],"version-history":[{"count":0,"href":"https:\/\/www.igmg.org\/tr\/wp-json\/wp\/v2\/posts\/9031\/revisions"}],"wp:attachment":[{"href":"https:\/\/www.igmg.org\/tr\/wp-json\/wp\/v2\/media?parent=9031"}],"wp:term":[{"taxonomy":"category","embeddable":true,"href":"https:\/\/www.igmg.org\/tr\/wp-json\/wp\/v2\/categories?post=9031"},{"taxonomy":"post_tag","embeddable":true,"href":"https:\/\/www.igmg.org\/tr\/wp-json\/wp\/v2\/tags?post=9031"}],"curies":[{"name":"wp","href":"https:\/\/api.w.org\/{rel}","templated":true}]}}