{"id":9033,"date":"2010-03-06T12:10:00","date_gmt":"2010-03-06T11:10:00","guid":{"rendered":"https:\/\/www.igmg.org\/?p=9033"},"modified":"2015-02-16T10:46:12","modified_gmt":"2015-02-16T09:46:12","slug":"alpes-ba%c2%b6lgesi-azube-baaykanlarae%c2%b1-toplantae%c2%b1sae%c2%b1-yapae%c2%b1ldae%c2%b1","status":"publish","type":"post","link":"https:\/\/www.igmg.org\/tr\/alpes-ba%c2%b6lgesi-azube-baaykanlarae%c2%b1-toplantae%c2%b1sae%c2%b1-yapae%c2%b1ldae%c2%b1\/","title":{"rendered":"Alpes B\u00f6lgesi \u015eube Ba\u015fkanlar\u0131 toplant\u0131s\u0131 yap\u0131ld\u0131"},"content":{"rendered":"<p>Toplant\u0131 okunan Kur&#8217;an-\u0131 Kerim ile ba\u015flad\u0131. Okunan Kur&#8217;an&#8217;dan sonra g\u00fcndem takdimi ve yoklamay\u0131 yapmak \u00fczere B\u00f6lge Te\u015fkilatlanma Ba\u015fkan\u0131 Yusuf \u00c7ak\u0131r s\u00f6z ald\u0131 ve birimler kendi alanlar\u0131ndaki yapt\u0131klar\u0131 faaliyetler hakk\u0131nda \u015fube &nbsp;ba\u015fkanlar\u0131na bilgilendirmede bulundular.<\/p>\n<p>Te\u015fkilatlanma Ba\u015fkan\u0131 Yusuf \u00c7ak\u0131r \u015fube ayl\u0131k raporlar\u0131n\u0131n takibini ve \u015fubelerdeki te\u015fkilat ba\u015fkanlar\u0131n\u0131n se\u00e7imleri hakk\u0131nda bilgilendirmede bulundu.<\/p>\n<p>\u0130r\u015fad ve E\u011fitim Ba\u015fkan\u0131 Cihat Y\u0131lmaz cemiyet imamlar\u0131n\u0131n mukavelesi, b\u00f6lge \u00e7ap\u0131nda yap\u0131lan yar\u0131\u015fmalar ve aile e\u011fitim seminerleri hakk\u0131nda s\u00f6z ald\u0131.<\/p>\n<p>B\u00f6lge Gen\u00e7lik Te\u015fkilat\u0131 Ba\u015fkan\u0131 O\u011fuz \u00d6ner gen\u00e7lik te\u015fkilat\u0131n\u0131n yapm\u0131\u015f olduklar\u0131 faaliyetler hakk\u0131nda kat\u0131l\u0131mc\u0131lara bir sunum yapt\u0131.<\/p>\n<p>Sosyal Hizmetler Ba\u015fkan\u0131 Mehmet Ak\u00e7ay zekat, fitre ve kurban \u00e7al\u0131\u015fmalar\u0131n\u0131n sonu\u00e7lar\u0131n\u0131 bildirdi.<\/p>\n<p>Cenaze Fonu sorumlusu Bahattin Ayd\u0131n cenaze fonu \u00fcyelikleri ve cenaze hizmeti hakk\u0131nda bilgiler sundu.<\/p>\n<p>Muhasebe Ba\u015fkan\u0131 Ahmet \u015eahin \u015fubelerin muhasebe b\u00f6l\u00fcmlerinin daha g\u00fczel bir \u015fekilde y\u00fcr\u00fcmesi hakk\u0131nda tavsiyelerde bulundu ve en k\u0131sa zamanda bu konu ile ilgili \u015fube muhasebe ba\u015fkanlar\u0131 ile birlikte bir \u00e7al\u0131\u015fma yapacaklar\u0131n\u0131 bildirdi.<\/p>\n<p>Hac ve Umre Ba\u015fkan\u0131 Hayrullah Ekici 2010 kay\u0131tlar\u0131 hakk\u0131nda kat\u0131l\u0131mc\u0131lara bilgi verdi ve sorular\u0131 yan\u0131tlad\u0131. Daha sonra B\u00f6lge Kad\u0131n Te\u015fkilat\u0131 ve&nbsp; B\u00f6lge Kad\u0131n Gen\u00e7lik Te\u015fkilat\u0131 da toplant\u0131ya kat\u0131ld\u0131lar.<\/p>\n<p>Toplant\u0131n\u0131n ikinci b\u00f6l\u00fcm\u00fcnde s\u00f6z alan Tahir K\u00f6ksoy gen\u00e7lerimizin umre programlar\u0131na kat\u0131lmalar\u0131n\u0131n \u00f6nemine de\u011findi. K\u00f6ksoy gen\u00e7lerin Mekke ve Medine&#8217;deki manevi havay\u0131 tatmalar\u0131n\u0131n ki\u015filikleri hakk\u0131nda de\u011fi\u015fiklikler yaratt\u0131\u011f\u0131n\u0131 dile getirdi.<\/p>\n<p>Hac ve Umre Ba\u015fkan\u0131 Hakk\u0131 \u00c7ift\u00e7i ise konu\u015fmas\u0131nda Genel Merkez \u00e7al\u0131\u015fmalar\u0131ndan \u00f6rnekler vererek camilerimizin M\u00fcsl\u00fcmanlar\u0131n evi oldu\u011funu ve bizlerin var olu\u015f sebebi oldu\u011funu dile getirdi ve bu mekanlar\u0131n bizler i\u00e7in \u00f6nemini vurgulayarak s\u00f6zlerini tamamlad\u0131.<\/p>\n<p>De\u011ferlendirme konu\u015fmas\u0131n\u0131 yapmak \u00fczere s\u00f6z alan B\u00f6lge Ba\u015fkan\u0131 Emir Demirba\u015f&nbsp; te\u015fkilat\u0131m\u0131z\u0131n neresinde olursak olal\u0131m \u00e7al\u0131\u015fmalar\u0131m\u0131za son h\u0131z devam etmemizi s\u00f6yleyip Gen\u00e7lik Teskilat\u0131&#8217;n\u0131n takibini yapt\u0131\u011f\u0131 Y\u0131ld\u0131z projesi hakk\u0131nda bilgiler verdikten sonra toplant\u0131ya i\u015ftirak edenlere te\u015fekk\u00fcrlerini bildirdi. Demirba\u015f herkesin \u00e7al\u0131\u015fmalar\u0131nda ba\u015far\u0131lar diledi.<\/p>\n<p>Toplant\u0131 dilek ve temennilerden sonra Tahir K\u00f6ksoy&#8217;un okudugu Kur&#8217;an-\u0131 Kerim ile son buldu.(ik)<\/p>\n","protected":false},"excerpt":{"rendered":"<p>CIMG Alpes B\u00f6lgesi \u015eube Ba\u015fkanlar\u0131 toplant\u0131s\u0131 B\u00f6lge Merkezi&#8217;nde yap\u0131ld\u0131.Toplant\u0131ya Alpes B\u00f6lge Ba\u015fkan\u0131 Emir Demirba\u015f ve B\u00f6lge Y\u00fcr\u00fctme Kurulu \u00fcyelerinin yan\u0131s\u0131ra Genel Merkez&#8217;den Hac ve Umre Komisyonu Ba\u015fkan\u0131 Hakk\u0131 \u00c7ift\u00e7i ve yard\u0131mc\u0131s\u0131 Tahir K\u00f6ksoy da kat\u0131ld\u0131. <\/p>\n","protected":false},"author":1,"featured_media":0,"comment_status":"open","ping_status":"closed","sticky":false,"template":"","format":"standard","meta":{"ngg_post_thumbnail":0},"categories":[23238,24,23255],"tags":[],"_links":{"self":[{"href":"https:\/\/www.igmg.org\/tr\/wp-json\/wp\/v2\/posts\/9033"}],"collection":[{"href":"https:\/\/www.igmg.org\/tr\/wp-json\/wp\/v2\/posts"}],"about":[{"href":"https:\/\/www.igmg.org\/tr\/wp-json\/wp\/v2\/types\/post"}],"author":[{"embeddable":true,"href":"https:\/\/www.igmg.org\/tr\/wp-json\/wp\/v2\/users\/1"}],"replies":[{"embeddable":true,"href":"https:\/\/www.igmg.org\/tr\/wp-json\/wp\/v2\/comments?post=9033"}],"version-history":[{"count":0,"href":"https:\/\/www.igmg.org\/tr\/wp-json\/wp\/v2\/posts\/9033\/revisions"}],"wp:attachment":[{"href":"https:\/\/www.igmg.org\/tr\/wp-json\/wp\/v2\/media?parent=9033"}],"wp:term":[{"taxonomy":"category","embeddable":true,"href":"https:\/\/www.igmg.org\/tr\/wp-json\/wp\/v2\/categories?post=9033"},{"taxonomy":"post_tag","embeddable":true,"href":"https:\/\/www.igmg.org\/tr\/wp-json\/wp\/v2\/tags?post=9033"}],"curies":[{"name":"wp","href":"https:\/\/api.w.org\/{rel}","templated":true}]}}