{"id":9035,"date":"2010-03-09T09:30:00","date_gmt":"2010-03-09T08:30:00","guid":{"rendered":"https:\/\/www.igmg.org\/?p=9035"},"modified":"2015-02-16T10:46:11","modified_gmt":"2015-02-16T09:46:11","slug":"bremenaede-aeoenamazla-ya%c2%bckseliayae%c2%9d-programae%c2%b1-da%c2%bczenlendi","status":"publish","type":"post","link":"https:\/\/www.igmg.org\/tr\/bremenaede-aeoenamazla-ya%c2%bckseliayae%c2%9d-programae%c2%b1-da%c2%bczenlendi\/","title":{"rendered":"Bremen&#8217;de &#8220;Namazla Y\u00fckseli\u015f&#8221;\u009d program\u0131 d\u00fczenlendi"},"content":{"rendered":"<p><span lang=\"TR\"><\/span><b><span lang=\"TR\"><\/span><\/b>Kur&#039;an-\u0131 Kerim tilavetiyle ba\u015flayan bu hay\u0131rl\u0131 \u00e7al\u0131\u015fma geni\u015f bir kat\u0131l\u0131mla Platin Park salonunda ger\u00e7ekle\u015ftirildi. H\u00fcseyin \u0130nceler &#8220;Namaz &#8220;\u009d adl\u0131 \u015fiirini okudu.<\/p>\n<p><span lang=\"TR\">&nbsp;<\/span><\/p>\n<p><span lang=\"TR\">A\u00e7\u0131l\u0131\u015f Konu\u015fmas\u0131n\u0131, IFB Ba\u015fkan\u0131 Zeki Ba\u015faran yapt\u0131. Ba\u015faran konu\u015fmas\u0131nda, &#8220;Ey M\u00fcsl\u00fcmanlar cemaattan ayr\u0131lmay\u0131n, \u00e7\u00fcnk\u00fc Allah&#039;\u0131n rahmeti cemaat \u00fczerinedir &#8220;\u009d dedi.<\/span><\/p>\n<p><span lang=\"TR\">Resullah&#039;\u0131n &#8220;Namaz dinin dire\u011fidir&#8221;\u009d, &#8220;Namaz g\u00f6z\u00fcm\u00fcn nurudur&#8221;\u009d hadisi \u015ferifilerini hat\u0131rlatan Ba\u015faran, IFB te\u015fkilat\u0131n\u0131n bu sahada yapd\u0131\u011f\u0131 \u00e7al\u0131\u015fmalara vurgu yapt\u0131 ve &#8220;Biz namaz\u0131 konu\u015fmak i\u00e7in de\u011fil, namaz\u0131 ya\u015famak i\u00e7in topland\u0131k&#8221;\u009d dedi.<\/span><\/p>\n<p><span lang=\"TR\">&nbsp;<\/span><\/p>\n<p><span lang=\"TR\">Namaz\u0131n sa\u011fl\u0131m\u0131z a\u00e7\u0131s\u0131ndan \u00f6nemini anlatan, Neustadt Hicret Camii \u0130mam\u0131 Kemal Y\u0131lmaz hocaefendi, &#8220;G\u00f6klerde ve yerlerde ne varsa bunlar\u0131n hepsi Allah&#039;a secde eder&#8221;\u009d ayetisini yorumlad\u0131. &#8220;Namaz \u00f6yle bir ibadettir ki, m\u00fcminin mirac\u0131d\u0131r ve bir\u00e7ok ibadeti b\u00fcnyesinde ta\u015f\u0131r. \u0130nsan Allah&#039;a kul oldu\u011fu kadar h\u00fcrd\u00fcr, namaz insan\u0131n Allah ile f\u0131s\u0131lda\u015fmas\u0131d\u0131r. Namaz k\u0131lan insan sa\u011fl\u0131kl\u0131 insand\u0131r. \u0130nsan\u0131 insan yapan as\u0131l unsur ruhtur&#8221;\u009d diyen Y\u0131lmaz, namaz\u0131n manevi yan\u0131 oldu\u011fu kadar, insan v\u00fccuduna da bir\u00e7ok faidesinin oldu\u011funu ve \u00f6zellikle de temiz olmay\u0131 gerektirdi\u011fini belirtti.<\/span><\/p>\n<p><span lang=\"TR\">&nbsp;<\/span><\/p>\n<p><span lang=\"TR\">Neustadt \u00c7ocuk Kul\u00fcb\u00fc minik k\u0131z grubunun &#8220;Seccade&#8221;\u009d konulu oynad\u0131klar\u0131 g\u00f6steri, <\/span>anlaml\u0131 olu\u015fu ve \u00f6zellikle sabah namaz\u0131n\u0131n \u00f6nemini sunmas\u0131 a\u00e7\u0131s\u0131ndan \u00e7ok be\u011fenildi ve duygulu anlar\u0131n ya\u015fanmas\u0131na neden oldu.<\/p>\n<p><span lang=\"TR\">&nbsp;<\/span><\/p>\n<p><span lang=\"TR\">\u0130lahiyatc\u0131 Tayyip Sayan, &#8220;Namaz ve Sosyal Hayat&#8221;\u009d konulu sunumununda, &nbsp;<\/span>&#8220;sizin hayat\u0131n\u0131z bir ezan ve bir namaz aras\u0131 kadard\u0131r, \u00e7\u00fcnk\u00fc do\u011fdu\u011fumuzda kula\u011f\u0131m\u0131za okunan ezanda namaz yoktu, \u00f6ld\u00fc\u011f\u00fcm\u00fczde k\u0131l\u0131nan namazda da ezan yoktur&#8221;\u009d tesbitini nakletti. Sayan, namaz\u0131n M\u00fcsl\u00fcmanlar\u0131n sosyal hayatlar\u0131n\u0131n bir par\u00e7as\u0131 oldu\u011funu anlatt\u0131. Kalplerin Allah&#039;\u0131 zikretmekle (Namaz) huzur bulaca\u011f\u0131n\u0131 vurguluayarak, Hz. Muhammed&#039;in sahabileri ile aras\u0131nda ya\u015fanan diyaloglardan \u00f6rnekler verdi ve bunlar\u0131n bize verilmek istenen mesajlar oldu\u011funu belirtti. <\/p>\n<p><span lang=\"TR\">&nbsp;<\/span><\/p>\n<p><span lang=\"TR\">Enes ve Furkan karde\u015fler yorumlad\u0131klar\u0131 &#8220;Secdeden&#8221;\u009d par\u00e7alar\u0131yla ve de\u011fi\u015fik ilahileri ile programa renk katt\u0131lar.<\/span><\/p>\n<p><span lang=\"TR\">&nbsp;<\/span><\/p>\n<p><span lang=\"TR\">G\u00fcn\u00fcn Hatibi Sebahattin U\u00e7ar, &#8220;Namazla Y\u00fckseli\u015f&#8221;\u009di doruk noktada, kendine has \u00fcslubu ve m\u00fcminlerin mirac\u0131n\u0131 en y\u00fcksek perdeden nakletti. U\u00e7ar, mira\u00e7ta namaz\u0131n Hz. Peygamber&#039;e tevdi edili\u015fini fon e\u015fli\u011finde sunarken duygular g\u00f6zya\u015f\u0131 getirdi. Namaz terkedilmesinin hi\u00e7bir zaman m\u00fcsamaha g\u00f6sterilmeyen bir ibadet oldu\u011funu belirten U\u00e7ar, Allah&#039;a iman etmenin ibadet etmeyi ve namaz k\u0131lmay\u0131 gerektirdi\u011fini belirterek, &#8220;Namaz \u0130slam&#039;\u0131n olmazsa olmaz\u0131d\u0131r, vazge\u00e7ilmezidir. Namaz, ya\u015famay\u0131 anlaml\u0131 k\u0131lan en muhte\u015fem eylemdir, Allah&#039;la beraberliktir, dostluktur. Bizim i\u00e7in muazzam bir hazine olan namaz\u0131n k\u0131ymetini bilmeyen insanlar\u0131m\u0131z\u0131 uyarmak, te\u015fvik etmek \u00fczerimize bor\u00e7tur&#8221;\u009d dedi. U\u00e7ar, herkese te\u015fekk\u00fcr ederek konu\u015fmas\u0131n\u0131 bitirdi ve program bir dua ile kapat\u0131ld\u0131.(ik)<\/span><\/p>\n<p><span lang=\"TR\">&nbsp;<\/span><\/p>\n","protected":false},"excerpt":{"rendered":"<p>Bremen \u0130slam Federasyonu IFB&#8217;nin organize etti\u011fi &#8220;Namazla Y\u00fckseli\u015f&#8221;\u009d program\u0131 Bremen ve \u00e7evresindeki namaz sevdal\u0131lar\u0131n\u0131 bir araya getirdi.<\/p>\n","protected":false},"author":1,"featured_media":0,"comment_status":"open","ping_status":"closed","sticky":false,"template":"","format":"standard","meta":{"ngg_post_thumbnail":0},"categories":[23238,24],"tags":[],"_links":{"self":[{"href":"https:\/\/www.igmg.org\/tr\/wp-json\/wp\/v2\/posts\/9035"}],"collection":[{"href":"https:\/\/www.igmg.org\/tr\/wp-json\/wp\/v2\/posts"}],"about":[{"href":"https:\/\/www.igmg.org\/tr\/wp-json\/wp\/v2\/types\/post"}],"author":[{"embeddable":true,"href":"https:\/\/www.igmg.org\/tr\/wp-json\/wp\/v2\/users\/1"}],"replies":[{"embeddable":true,"href":"https:\/\/www.igmg.org\/tr\/wp-json\/wp\/v2\/comments?post=9035"}],"version-history":[{"count":0,"href":"https:\/\/www.igmg.org\/tr\/wp-json\/wp\/v2\/posts\/9035\/revisions"}],"wp:attachment":[{"href":"https:\/\/www.igmg.org\/tr\/wp-json\/wp\/v2\/media?parent=9035"}],"wp:term":[{"taxonomy":"category","embeddable":true,"href":"https:\/\/www.igmg.org\/tr\/wp-json\/wp\/v2\/categories?post=9035"},{"taxonomy":"post_tag","embeddable":true,"href":"https:\/\/www.igmg.org\/tr\/wp-json\/wp\/v2\/tags?post=9035"}],"curies":[{"name":"wp","href":"https:\/\/api.w.org\/{rel}","templated":true}]}}