{"id":9075,"date":"2010-03-05T10:15:00","date_gmt":"2010-03-05T09:15:00","guid":{"rendered":"https:\/\/www.igmg.org\/?p=9075"},"modified":"2015-02-16T10:46:12","modified_gmt":"2015-02-16T09:46:12","slug":"peygamberimizin-kutlu-doaeyumuna-ga%c2%bcl-ve-hadis-kampanyasae%c2%b1","status":"publish","type":"post","link":"https:\/\/www.igmg.org\/tr\/peygamberimizin-kutlu-doaeyumuna-ga%c2%bcl-ve-hadis-kampanyasae%c2%b1\/","title":{"rendered":"Peygamberimizin kutlu do\u011fumuna g\u00fcl ve hadis kampanyas\u0131"},"content":{"rendered":"<p>Ayasofya Camii bu faaliyeti ile kameri takvime g\u00f6re ge\u00e7en hafta Per\u015fembe g\u00fcn\u00fc kutlad\u0131\u011f\u0131m\u0131z Peygamberimizin kutlu do\u011fumunu insanlara hat\u0131rlatm\u0131\u015f oldu. Peygamberimizi sembolize eden k\u0131rm\u0131z\u0131 g\u00fcllerin yan\u0131na \u00fczerinde &#8220;\u0130nsanlar\u0131n en hay\u0131rl\u0131s\u0131 insanlara en faydal\u0131 olan\u0131d\u0131r&#8221;\u009d gibi hadis-i \u015ferifler yaz\u0131l\u0131 olan k\u00fc\u00e7\u00fck kartlar yap\u0131\u015ft\u0131r\u0131ld\u0131. <\/p>\n<p>Bu faaliyete paralel olarak Ayasofya Camii \u0130mam\u0131 Abdulcelil Y\u0131ld\u0131z ve Kahraman Patan, J\u00e4ger Stra\u00dfe ve \u00e7evresindeki d\u00fckk\u00e2n ve kom\u015fulara, ayr\u0131ca polis karakolu ve itfaiyeye ziyarette bulunarak peygamberimizin mesaj\u0131n\u0131 g\u00fcllerle birlikte ilettiler.<\/p>\n<p>Ayasofya Camii yetkilileri ayn\u0131 zamanda \u015fehir merkezindeki reklam panolar\u0131n\u0131 da kiralayarak bu panolar\u0131n peygamberimizin g\u00fczel s\u00f6zleriyle s\u00fcslenmesine ve vatanda\u015flar\u0131n bu g\u00fczel s\u00f6zlerden istifade etmelerine vesile oldular. Efendimizin panolarda yer alan g\u00fczel s\u00f6zlerinden biri de &#8220;Sab\u0131r iman\u0131n bir yar\u0131s\u0131, \u015f\u00fck\u00fcr de \u00f6teki yar\u0131s\u0131d\u0131r&#8221;\u009d idi.<\/p>\n<p>Ayasofya Camii&#039;nin bu g\u00fczel faaliyeti herkes taraf\u0131ndan memnuniyet ve sevin\u00e7le kar\u015f\u0131land\u0131. Peygamberimizi tan\u0131mayanlar\u0131n onun g\u00fczel s\u00f6zleriyle tan\u0131\u015fmas\u0131n\u0131n sevindirici bir geli\u015fme oldu\u011fu belirtildi.<\/p>\n<p> internet adresinden Almanca olarak \u0130slam ve Peygamberimiz hakk\u0131nda bilgilere ula\u015fman\u0131z m\u00fcmk\u00fcn. (ya)<\/p>\n","protected":false},"excerpt":{"rendered":"<p>Kassel Ayasofya Camii \u00fcyeleri ge\u00e7ti\u011fimiz Cumartesi g\u00fcn\u00fc ellerindeki g\u00fcllerle \u015fehir merkezinde insanlara efendimizin mesajlar\u0131n\u0131 ula\u015ft\u0131rd\u0131lar.<\/p>\n","protected":false},"author":1,"featured_media":0,"comment_status":"open","ping_status":"closed","sticky":false,"template":"","format":"standard","meta":{"ngg_post_thumbnail":0},"categories":[23238,24],"tags":[],"_links":{"self":[{"href":"https:\/\/www.igmg.org\/tr\/wp-json\/wp\/v2\/posts\/9075"}],"collection":[{"href":"https:\/\/www.igmg.org\/tr\/wp-json\/wp\/v2\/posts"}],"about":[{"href":"https:\/\/www.igmg.org\/tr\/wp-json\/wp\/v2\/types\/post"}],"author":[{"embeddable":true,"href":"https:\/\/www.igmg.org\/tr\/wp-json\/wp\/v2\/users\/1"}],"replies":[{"embeddable":true,"href":"https:\/\/www.igmg.org\/tr\/wp-json\/wp\/v2\/comments?post=9075"}],"version-history":[{"count":0,"href":"https:\/\/www.igmg.org\/tr\/wp-json\/wp\/v2\/posts\/9075\/revisions"}],"wp:attachment":[{"href":"https:\/\/www.igmg.org\/tr\/wp-json\/wp\/v2\/media?parent=9075"}],"wp:term":[{"taxonomy":"category","embeddable":true,"href":"https:\/\/www.igmg.org\/tr\/wp-json\/wp\/v2\/categories?post=9075"},{"taxonomy":"post_tag","embeddable":true,"href":"https:\/\/www.igmg.org\/tr\/wp-json\/wp\/v2\/tags?post=9075"}],"curies":[{"name":"wp","href":"https:\/\/api.w.org\/{rel}","templated":true}]}}