{"id":9099,"date":"2010-03-19T10:00:00","date_gmt":"2010-03-19T09:00:00","guid":{"rendered":"https:\/\/www.igmg.org\/?p=9099"},"modified":"2015-02-16T10:46:07","modified_gmt":"2015-02-16T09:46:07","slug":"kuzey-ruhr-ba%c2%b6lgesi-melle-buer-azubesiaenden-a%c2%b6rnek-a%c2%a7alae%c2%b1ayma","status":"publish","type":"post","link":"https:\/\/www.igmg.org\/tr\/kuzey-ruhr-ba%c2%b6lgesi-melle-buer-azubesiaenden-a%c2%b6rnek-a%c2%a7alae%c2%b1ayma\/","title":{"rendered":"Kuzey Ruhr B\u00f6lgesi Melle-Buer \u015eubesi&#8217;nden \u00f6rnek \u00e7al\u0131\u015fma"},"content":{"rendered":"<p><span lang=\"TR\"><\/span><b><span lang=\"TR\"><\/span><span lang=\"TR\"><\/span><\/b><span lang=\"TR\"><\/span>Reklam panolar\u0131na Almanca, T\u00fcrk\u00e7e ve Arap\u00e7a olarak yaz\u0131lan ve peygamberimizin toplumsal y\u00f6n\u00fcn\u00fc ve insan ili\u015fkilerine verdi\u011fi de\u011feri ortaya koyan &#8220;Tebess\u00fcm etmek sadakad\u0131r&#8221;\u009d hadisi \u015ferifi Melle sokaklar\u0131n\u0131 s\u00fcsledi. <\/p>\n<p><span lang=\"TR\">&nbsp;<\/span><\/p>\n<p><span lang=\"TR\">Hadis-i \u015eerif Kampanyas\u0131 ile ilgili konu\u015fan IGMG Melle Cemiyeti y\u00f6neticileri peygamberimizi bu vesile ile tan\u0131tma imkan\u0131 bulduklar\u0131 i\u00e7in \u00e7ok mutlu olduklar\u0131n\u0131 s\u00f6yleyerek \u015funlar\u0131 dile getirdiler: &#8220;T\u00fcm cemiyetlerin bu t\u00fcr \u00e7al\u0131\u015fmalar\u0131 yapmas\u0131n\u0131 tavsiye ediyoruz. B\u00fcy\u00fck panolarda yer alan Peygamber Efendimiz (s.a.v.) in hadislerinden \u00f6rneklerin farkl\u0131 dillerde yaz\u0131lmas\u0131yla farkl\u0131 dilleri konu\u015fan insanlara Peygamberimizi daha iyi tan\u0131tabiliriz&#8221;\u009d dediler.(ik)<\/span><\/p>\n<p><span lang=\"TR\">&nbsp;<\/span><\/p>\n","protected":false},"excerpt":{"rendered":"<p>IGMG Kuzey Ruhr B\u00f6lgesi Melle-Buer \u015eubesi ge\u00e7en y\u0131l ba\u015flatt\u0131klar\u0131 Kutlu Do\u011fum Hadis-i \u015eerif Kampanyas\u0131&#8217;n\u0131 bu y\u0131l da devam ettirdi. Melle-Buer \u015eubesi, sekiz ayr\u0131 yerde b\u00fcy\u00fck panolarla &#8220;Tebess\u00fcm etmek sadakad\u0131r&#8221;\u009d hadisi \u015ferifini Melle \u015fehriyle bulu\u015fturdu.<\/p>\n","protected":false},"author":1,"featured_media":0,"comment_status":"open","ping_status":"closed","sticky":false,"template":"","format":"standard","meta":{"ngg_post_thumbnail":0},"categories":[23238,24],"tags":[],"_links":{"self":[{"href":"https:\/\/www.igmg.org\/tr\/wp-json\/wp\/v2\/posts\/9099"}],"collection":[{"href":"https:\/\/www.igmg.org\/tr\/wp-json\/wp\/v2\/posts"}],"about":[{"href":"https:\/\/www.igmg.org\/tr\/wp-json\/wp\/v2\/types\/post"}],"author":[{"embeddable":true,"href":"https:\/\/www.igmg.org\/tr\/wp-json\/wp\/v2\/users\/1"}],"replies":[{"embeddable":true,"href":"https:\/\/www.igmg.org\/tr\/wp-json\/wp\/v2\/comments?post=9099"}],"version-history":[{"count":0,"href":"https:\/\/www.igmg.org\/tr\/wp-json\/wp\/v2\/posts\/9099\/revisions"}],"wp:attachment":[{"href":"https:\/\/www.igmg.org\/tr\/wp-json\/wp\/v2\/media?parent=9099"}],"wp:term":[{"taxonomy":"category","embeddable":true,"href":"https:\/\/www.igmg.org\/tr\/wp-json\/wp\/v2\/categories?post=9099"},{"taxonomy":"post_tag","embeddable":true,"href":"https:\/\/www.igmg.org\/tr\/wp-json\/wp\/v2\/tags?post=9099"}],"curies":[{"name":"wp","href":"https:\/\/api.w.org\/{rel}","templated":true}]}}