{"id":9126,"date":"2010-03-17T10:00:00","date_gmt":"2010-03-17T09:00:00","guid":{"rendered":"https:\/\/www.igmg.org\/?p=9126"},"modified":"2015-02-16T10:46:08","modified_gmt":"2015-02-16T09:46:08","slug":"viyana-ba%c2%b6lgesi-wko-sea%c2%a7imleri-yapae%c2%b1ldae%c2%b1","status":"publish","type":"post","link":"https:\/\/www.igmg.org\/tr\/viyana-ba%c2%b6lgesi-wko-sea%c2%a7imleri-yapae%c2%b1ldae%c2%b1\/","title":{"rendered":"Viyana B\u00f6lgesi WKO se\u00e7imleri yap\u0131ld\u0131"},"content":{"rendered":"<p>Konuyla ilgili bilgi veren, Viyana \u0130slam Federasyonu Tan\u0131tma ve D\u0131\u015f M\u00fcnasebetler Ba\u015fkan\u0131 Yakup Ge\u00e7gel, &#8220;Sozialdemokratischer Wirtschaftsverband \u00d6sterreich (SWF) b\u00f6lgemizin, Viyana \u0130slam Federasyonu&#8217;ndan WKO se\u00e7imlerinde destek istemeleri \u00fczerine g\u00f6r\u00fc\u015fmeler yap\u0131ld\u0131. Bir ayl\u0131k g\u00f6r\u00fc\u015fmeler sonucu SWF Genel Ba\u015fkan Yard\u0131mc\u0131l\u0131\u011f\u0131 \u00fczerinde karar k\u0131l\u0131nd\u0131. B\u00f6lgemizin de\u011fi\u015fik komisyonlar\u0131nda ve cemiyetlermizde aktif olarak \u00e7al\u0131\u015fma yapan Ekrem G\u00f6n\u00fclta\u015f 27 Mart 2009 tarihinde yap\u0131lan genel kongrede delegelerin&nbsp; %89 deste\u011fini alarak Genel Ba\u015fkan Yard\u0131mc\u0131l\u0131\u011f\u0131&#8217;na getirildi.<\/p>\n<p>25 Nisan 2009 tarihinde B\u00f6lge Tan\u0131tma ve D\u0131\u015f M\u00fcnasebetler ba\u015fskanl\u0131\u011f\u0131 kontrol\u00fcnde bir WKO 2010 se\u00e7im komisyonu kurulmu\u015f oldu. Komisyon \u00e7al\u0131\u015fmalar\u0131 neticesinde 15 farkl\u0131 alanda aday tespiti yap\u0131ld\u0131. <\/p>\n<p>28.02-03.03.2010 WKO se\u00e7imlerinde&nbsp; Viyana b\u00f6lgesi olarak 7 aday\u0131m\u0131z toplam 568 \u0130\u015f verenin deste\u011fi ile Viyana Ticaret Odalar\u0131na girmi\u015f bulunmaktad\u0131r&#8221;\u009d dedi. <\/p>\n<p>WKO se\u00e7imleri sonucu Ekrem G\u00f6n\u00fclta\u015f Avusturya Ticaret Odas\u0131 Parlementosuna giren ilk M\u00fcsl\u00fcman &nbsp;ve en gen\u00e7 parlementer olurken, ayn\u0131 zamanda Ticaret M\u00fcste\u015farl\u0131\u011f\u0131&#8217;na atanm\u0131\u015f idi, ancak ya\u015f\u0131n\u0131n tutmamas\u0131 nedeniyle m\u00fcste\u015farl\u0131\u011f\u0131n 3 y\u0131l sonra verilmesi karar\u0131 al\u0131nd\u0131\u011f\u0131 bildirildi.<\/p>\n<p>17 Mart 2010 tarihinde se\u00e7ilen adaylar ve tespit edilen adaylardan yeni bir komisyon kurularak, &nbsp;k\u0131sa, orta ve uzun vadeli programlar \u00fczerinde durulaca\u011f\u0131&nbsp; kaydedildi.(ik)<\/p>\n","protected":false},"excerpt":{"rendered":"<p>Her be\u015f y\u0131lda bir Avusturya&#8217;n\u0131n 9 eyaletinde yap\u0131lan Wirtschaftskammer \u00d6sterreich (WKO-Viyana Ticaret Odas\u0131) se\u00e7imleri yapld\u0131. 5 g\u00fcn s\u00fcren se\u00e7im sonunda  Ekrem G\u00f6n\u00fclta\u015f Avusturya Ticaret Odas\u0131 Parlementosu&#8217;na giren ilk M\u00fcsl\u00fcman  ve en gen\u00e7 parlamenter oldu.<\/p>\n","protected":false},"author":1,"featured_media":0,"comment_status":"open","ping_status":"closed","sticky":false,"template":"","format":"standard","meta":{"ngg_post_thumbnail":0},"categories":[23238,24],"tags":[],"_links":{"self":[{"href":"https:\/\/www.igmg.org\/tr\/wp-json\/wp\/v2\/posts\/9126"}],"collection":[{"href":"https:\/\/www.igmg.org\/tr\/wp-json\/wp\/v2\/posts"}],"about":[{"href":"https:\/\/www.igmg.org\/tr\/wp-json\/wp\/v2\/types\/post"}],"author":[{"embeddable":true,"href":"https:\/\/www.igmg.org\/tr\/wp-json\/wp\/v2\/users\/1"}],"replies":[{"embeddable":true,"href":"https:\/\/www.igmg.org\/tr\/wp-json\/wp\/v2\/comments?post=9126"}],"version-history":[{"count":0,"href":"https:\/\/www.igmg.org\/tr\/wp-json\/wp\/v2\/posts\/9126\/revisions"}],"wp:attachment":[{"href":"https:\/\/www.igmg.org\/tr\/wp-json\/wp\/v2\/media?parent=9126"}],"wp:term":[{"taxonomy":"category","embeddable":true,"href":"https:\/\/www.igmg.org\/tr\/wp-json\/wp\/v2\/categories?post=9126"},{"taxonomy":"post_tag","embeddable":true,"href":"https:\/\/www.igmg.org\/tr\/wp-json\/wp\/v2\/tags?post=9126"}],"curies":[{"name":"wp","href":"https:\/\/api.w.org\/{rel}","templated":true}]}}