{"id":9153,"date":"2010-03-20T15:57:00","date_gmt":"2010-03-20T14:57:00","guid":{"rendered":"https:\/\/www.igmg.org\/?p=9153"},"modified":"2015-02-16T10:46:07","modified_gmt":"2015-02-16T09:46:07","slug":"aeserlohnaeda-kuraean-coaykusu","status":"publish","type":"post","link":"https:\/\/www.igmg.org\/tr\/aeserlohnaeda-kuraean-coaykusu\/","title":{"rendered":"\u0130serlohn&#8217;da Kur&#8217;an co\u015fkusu"},"content":{"rendered":"<p><span lang=\"TR\">Program Cemiyet eski \u0130mam hatiplerinden Mehmet K\u00f6kcek&#039;in okudu\u011fu a\u00e7\u0131l\u0131\u015f Kur&#039;an-\u0131 Kerim&#039;i ile ba\u015flad\u0131. Sunuculu\u011funu b\u00f6lge te\u015fkilatlanma ba\u015fkan\u0131 Harun \u00c7aylan taraf\u0131ndan ba\u015far\u0131 ile yap\u0131lan programa kat\u0131l\u0131m beklenenin \u00e7ok \u00fcst\u00fcnde ger\u00e7ekle\u015fti.<\/span><\/p>\n<p><span lang=\"TR\">Kur&#039;an a\u015f\u0131klar\u0131n\u0131n bulu\u015ftu\u011fu &nbsp;<\/span>program Cemiyet Ba\u015fkan\u0131 H\u0131z\u0131r \u00d6zt\u00fcrk&#039;\u00fcn selamlama ve te\u015fekk\u00fcr konu\u015fmas\u0131 ile devam etti. \u00d6zt\u00fcrk, yapt\u0131\u011f\u0131 konu\u015fmada programda eme\u011fi ge\u00e7en cemaat ve idarecilere b\u00f6lge y\u00f6netim kuruluna, IGMG Avrupa Maide-i Kur&#039;an Koodinat\u00f6r\u00fc Ali B\u00f6rek&#039;e ve programa kat\u0131lan karilere &nbsp;ve konu\u015fmac\u0131lara \u00f6zellikle te\u015fekk\u00fcr etti. <\/p>\n<p><span lang=\"TR\">Sinevizyon arac\u0131l\u0131\u011f\u0131 ile  \u015fube tan\u0131t\u0131m ve faaliyet cd&#039;sinin izleniminden sonra, cemiyette \u00f6\u011frenim g\u00f6ren k\u0131z ve erkek \u00f6\u011frencilerin  koro halinde okuduklar\u0131 ilahi ve mar\u015flarla ayr\u0131 bir renk alan bu m\u00fcstesna  program IGMG Genel Merkez \u0130r\u015fad Ba\u015fkan\u0131 Ahmed \u00d6zden&#039;in yapt\u0131\u011f\u0131 &#8220;Kuran ve Feyzi&#8221;\u009d  konulu veciz konu\u015fmayla devam etti. \u00d6zden yapt\u0131\u011f\u0131 konu\u015fmada Kur&#039;an vesilesi ile  \u0130slam&#039;\u0131 se\u00e7en Hz.\u00d6mer&#039;in M\u00fcsl\u00fcman olu\u015fu k\u0131ssas\u0131n\u0131 dile getirdi.<\/span><\/p>\n<p><span lang=\"TR\">Yine Cemiyet \u00f6\u011frencilerinden  bir s\u0131n\u0131f\u0131n koro halinde okuduklar\u0131 ilahilerle devam eden programda IGMG Ruhr A B\u00f6lge Ba\u015fkan\u0131  \u00d6zcan Kuri bir selamlama ve te\u015fekk\u00fcr konu\u015fmas\u0131 yapt\u0131. Kuri, ba\u015fta cemiyet ba\u015fkan\u0131  olmak \u00fczere programda eme\u011fi ge\u00e7en cemaat ve idarecilere te\u015fekk\u00fcr etti ve  program\u0131n ba\u015far\u0131l\u0131 ve hay\u0131rl\u0131 olmas\u0131 dile\u011finde bulundu.<\/span><\/p>\n<p><span lang=\"TR\">Verilen ikindi namaz\u0131  molas\u0131ndan sonra cemiyet erkek \u00f6\u011frencileri yine koro halinde ilahi ve mar\u015flar\u0131 ile sahne ald\u0131lar.<\/span><\/p>\n<p><span lang=\"TR\">Program\u0131n ikinci b\u00f6l\u00fcm\u00fcn\u00fc yani  Maide-i Kur&#039;an b\u00f6l\u00fcm\u00fcn\u00fc sunmak i\u00e7in mikrofona gelen IGMG Avrupa Maide-i Kur&#039;an Koordinet\u00f6r\u00fc Ali B\u00f6rek <\/span>bir selamlama ve taktim konu\u015fmas\u0131 yapt\u0131. B\u00f6rek sahneye ald\u0131\u011f\u0131 karileri tektek k\u0131sa \u00f6zge\u00e7mi\u015fleri ile taktim  edip Kur&#039;an okumak \u00fczere mikrofona davet etti. S\u0131ra ile Almanya&#039;dan Ditib  M\u00fclheim \u0130mam Hatibi G\u00fcrsel Turhan, Bosna Hersek&#039;ten Aziz Alili, T\u00fcrkiye&#039;den  Beyaz\u0131t Camii \u0130mam\u0131 Ekrem Nalband ve d\u00fcnyaca \u00fcnl\u00fc karilerden M\u0131s\u0131rl\u0131 Dr. Ahmet  Naina birbirinden g\u00fczel ses ve kraatleri ile okuduklar\u0131 Ku&#039;an-\u0131 Kerimlerle dinleyenleri co\u015fturdular. <\/p>\n<p><span lang=\"TR\">B\u00fcy\u00fck manevi bir hava  i\u00e7erisinde ger\u00e7ekle\u015ftirilen bu muhte\u015fem g\u00fcn\u00fcn sonunda program\u0131n olu\u015fumuna maddi destek vererek  sponsorluk yapan i\u015f adamlar\u0131na, programa kat\u0131lan konu\u015fmac\u0131 ve karilere ve cemiyette  daha \u00f6nce cemiyet ba\u015fkanl\u0131\u011f\u0131 yapm\u0131\u015f yeti\u015fkinler, gen\u00e7lik ve kad\u0131n kollar\u0131 ba\u015fkanlar\u0131na plaket taktimi yap\u0131ld\u0131. <\/span><\/p>\n<p><span lang=\"TR\">Maide-i Kur&#039;an Cemiyet \u0130mam Hatibi  Ramazan Can&#039;\u0131n ayakta toplu halde yapt\u0131\u011f\u0131 dua ile son buldu. Programda ayr\u0131ca  cemiyet ve program yarar\u0131na kad\u0131n kollar\u0131n\u0131n haz\u0131rlad\u0131klar\u0131 T\u00fcrk mutfa\u011f\u0131ndan  \u00e7e\u015fitli yiyecek ve i\u00e7ecekler sat\u0131\u015fa sunulurken, IHH e.V ve IGMG Cenaze Fonu  tan\u0131t\u0131m standlar <\/span>a\u00e7arak \u00e7al\u0131\u015fmalar\u0131n\u0131 tan\u0131tt\u0131lar.(ik)<\/p>\n","protected":false},"excerpt":{"rendered":"<p>IGMG Ruhr A  B\u00f6lgesi&#8217;ne ba\u011fl\u0131 olarak faaliyetlerini s\u00fcrd\u00fcren \u0130serlohn \u015eubesi IGMG Ruhr A B\u00f6lgesi ile i\u015f birli\u011fi yaparak ihti\u015faml\u0131 bir Maide-i Kur&#8217;an program\u0131 d\u00fczenledi.<\/p>\n","protected":false},"author":1,"featured_media":0,"comment_status":"open","ping_status":"closed","sticky":false,"template":"","format":"standard","meta":{"ngg_post_thumbnail":0},"categories":[23238,24],"tags":[],"_links":{"self":[{"href":"https:\/\/www.igmg.org\/tr\/wp-json\/wp\/v2\/posts\/9153"}],"collection":[{"href":"https:\/\/www.igmg.org\/tr\/wp-json\/wp\/v2\/posts"}],"about":[{"href":"https:\/\/www.igmg.org\/tr\/wp-json\/wp\/v2\/types\/post"}],"author":[{"embeddable":true,"href":"https:\/\/www.igmg.org\/tr\/wp-json\/wp\/v2\/users\/1"}],"replies":[{"embeddable":true,"href":"https:\/\/www.igmg.org\/tr\/wp-json\/wp\/v2\/comments?post=9153"}],"version-history":[{"count":0,"href":"https:\/\/www.igmg.org\/tr\/wp-json\/wp\/v2\/posts\/9153\/revisions"}],"wp:attachment":[{"href":"https:\/\/www.igmg.org\/tr\/wp-json\/wp\/v2\/media?parent=9153"}],"wp:term":[{"taxonomy":"category","embeddable":true,"href":"https:\/\/www.igmg.org\/tr\/wp-json\/wp\/v2\/categories?post=9153"},{"taxonomy":"post_tag","embeddable":true,"href":"https:\/\/www.igmg.org\/tr\/wp-json\/wp\/v2\/tags?post=9153"}],"curies":[{"name":"wp","href":"https:\/\/api.w.org\/{rel}","templated":true}]}}