{"id":9175,"date":"2010-03-24T11:32:00","date_gmt":"2010-03-24T10:32:00","guid":{"rendered":"https:\/\/www.igmg.org\/?p=9175"},"modified":"2015-02-16T10:46:06","modified_gmt":"2015-02-16T09:46:06","slug":"rhein-neckar-saaraeda-kutlu-doaeyum-a%c2%a7oaykusu","status":"publish","type":"post","link":"https:\/\/www.igmg.org\/tr\/rhein-neckar-saaraeda-kutlu-doaeyum-a%c2%a7oaykusu\/","title":{"rendered":"Rhein Neckar Saar&#8217;da Kutlu Do\u011fum \u00e7o\u015fkusu"},"content":{"rendered":"<p><span lang=\"TR\"><\/span><span lang=\"TR\"><\/span><\/p>\n<p>A\u00e7\u0131l\u0131\u015f Kur&#039;an-\u0131 Kerim&#039;ini b\u00f6lge birincisi \u0130smail Tuzlac\u0131&#039;n\u0131n okudu\u011fu programa ev sahibi B\u00f6lge Ba\u015fkan\u0131 Ya\u015far Cim\u015fit&#039;in yapm\u0131\u015f oldu\u011fu konu\u015fma ile ba\u015fland\u0131. Ya\u015far Cim\u015fit, &#8220;Peygamberimizi anma program\u0131na g\u00f6stermi\u015f oldu\u011funuz yo\u011fun ilgi ve alakadan dolay\u0131 sizlere te\u015fekk\u00fcrlerimi arz ederken, eme\u011fi ge\u00e7en katk\u0131da bulunan herkese sonsuz \u015f\u00fckranlar\u0131m\u0131z\u0131 sunar\u0131z. Biz M\u00fcsl\u00fcmanlar\u0131n, Peygamberimizin bize emanet olarak b\u0131rakt\u0131\u011f\u0131 s\u00fcnnetlerini ya\u015famaya ve ya\u015fatmaya gayret g\u00f6stermemiz gerekmektedir. Onun s\u00fcnnetinde rahmet, bereket, merhamet ve karde\u015flik var, i\u015fte bundan dolay\u0131 ona daha \u00e7ok ihtiyac\u0131m\u0131z\u0131n oldu\u011fu bir d\u00f6nemde ya\u015f\u0131yoruz&#8221;\u009d dedi.<\/p>\n<p>T\u00fcrkiye&#039;den geceye kat\u0131lan \u0130stanbul S\u00fcleymaniye Camii \u0130mam Hatibi Ekrem Nalbant okumu\u015f oldu\u011fu Kur&#039;an-\u0131 Kerim ile adeta dinleyicileri mest etti. Sanatc\u0131 \u0130smail T\u00fczen ilahileri ile programa ayr\u0131 bir g\u00fczellik katt\u0131. \u015eair Murat Sa\u011fd\u0131\u00e7, g\u00fcn\u00fcn \u00f6nemi ve Peygamberimiz hakk\u0131ndaki &nbsp;\u015fiirlerle g\u00f6n\u00fcllere hitap etti.&nbsp; <\/p>\n<p><span lang=\"TR\"><\/span><\/p>\n<p>Sunumu ve anlat\u0131m\u0131 ile dinleyenleri hem d\u00fc\u015f\u00fcnd\u00fcren hemde a\u011flatan ve  konusunda uzman \u0130lahiyatc\u0131 \u00d6mer D\u00f6ngelo\u011flu&#039;nun konu\u015fmas\u0131 ile program  doruk noktas\u0131na ula\u015ft\u0131. Kendine has anlat\u0131m\u0131 ile dinleyenleri  Peygamberimizin ya\u015fam\u0131\u015f oldu\u011fu d\u00f6neme g\u00f6t\u00fcren D\u00f6ngelo\u011flu salonu dolduran  M\u00fcsl\u00fcmanlara duygulu saatler ya\u015fatt\u0131.<\/p>\n<p>Hz.Muhammed (s.a.v)&#039;in  hayat\u0131ndan ve onun ailesinin \u00e7ekmi\u015f oldu\u011fu \u00e7ile ve s\u0131k\u0131nt\u0131lardan  \u00f6rnekler veren \u00d6mer D\u00f6ngelo\u011flu, &#8220;Acaba biz ne kadar s\u0131k\u0131nt\u0131 ve \u00e7ile  \u00e7ektik veya \u00e7ekiyoruz&#8221;\u009d diyerek dinleyicileri d\u00fc\u015f\u00fcnmeye sevk etti.  D\u00f6ngelo\u011flu,&nbsp; &#8220;Ama bilmemiz gereken bir ger\u00e7ek vard\u0131r ki o (peygamberimiz  )hep bizi d\u00fc\u015f\u00fcnm\u00fc\u015ft\u00fcr, ona \u00fcmmet olabilmek i\u00e7in gayret ederek dua  etmemiz gerekmektedir&#8221;\u009d dedi. Program ziyarete sunulan Sakal\u0131 \u015eerif, dua  ve tekbirlerle son buldu.(ik)<\/p>\n","protected":false},"excerpt":{"rendered":"<p>IGMG Rhein Neckar Saar B\u00f6lgesi&#8217;nin  geleneksel &#8220;Alemlere Rahmet Hz.Muhammed (s.a.v)i Anma ve Kutlu Do\u011fum&#8221;\u009d program\u0131 Walldorf Astora Halle&#8217;yi dolduran M\u00fcsl\u00fcmanlar taraf\u0131ndan  \u00e7o\u015fkulu ve bir o kadar da kalabal\u0131k bir kat\u0131l\u0131m ile kutland\u0131.<\/p>\n","protected":false},"author":1,"featured_media":0,"comment_status":"open","ping_status":"closed","sticky":false,"template":"","format":"standard","meta":{"ngg_post_thumbnail":0},"categories":[23238,24],"tags":[],"_links":{"self":[{"href":"https:\/\/www.igmg.org\/tr\/wp-json\/wp\/v2\/posts\/9175"}],"collection":[{"href":"https:\/\/www.igmg.org\/tr\/wp-json\/wp\/v2\/posts"}],"about":[{"href":"https:\/\/www.igmg.org\/tr\/wp-json\/wp\/v2\/types\/post"}],"author":[{"embeddable":true,"href":"https:\/\/www.igmg.org\/tr\/wp-json\/wp\/v2\/users\/1"}],"replies":[{"embeddable":true,"href":"https:\/\/www.igmg.org\/tr\/wp-json\/wp\/v2\/comments?post=9175"}],"version-history":[{"count":0,"href":"https:\/\/www.igmg.org\/tr\/wp-json\/wp\/v2\/posts\/9175\/revisions"}],"wp:attachment":[{"href":"https:\/\/www.igmg.org\/tr\/wp-json\/wp\/v2\/media?parent=9175"}],"wp:term":[{"taxonomy":"category","embeddable":true,"href":"https:\/\/www.igmg.org\/tr\/wp-json\/wp\/v2\/categories?post=9175"},{"taxonomy":"post_tag","embeddable":true,"href":"https:\/\/www.igmg.org\/tr\/wp-json\/wp\/v2\/tags?post=9175"}],"curies":[{"name":"wp","href":"https:\/\/api.w.org\/{rel}","templated":true}]}}