{"id":9207,"date":"2010-03-29T10:00:00","date_gmt":"2010-03-29T08:00:00","guid":{"rendered":"https:\/\/www.igmg.org\/?p=9207"},"modified":"2015-02-16T10:46:04","modified_gmt":"2015-02-16T09:46:04","slug":"kelsterbachaeta-aeoealemlere-rahmetae%c2%9d-programae%c2%b1","status":"publish","type":"post","link":"https:\/\/www.igmg.org\/tr\/kelsterbachaeta-aeoealemlere-rahmetae%c2%9d-programae%c2%b1\/","title":{"rendered":"Kelsterbach&#8217;ta &#8220;Alemlere Rahmet&#8221;\u009d Program\u0131"},"content":{"rendered":"<p>Program\u0131n sunuculu\u011funu Cemil Siargo yapt\u0131. Siargo program\u0131n ba\u015flang\u0131c\u0131nda misafirlere programin i\u00e7eri\u011fi hakk\u0131nda bilgiler verdi. Alemlere Rahmet Hz. Muhammed program\u0131 IGMG&#8221;\u02c6Hessen B\u00f6lgesi Kelsterbach \u015eubesi \u00f6\u011frencilerinden Hasan Terzi&#8217;nin okudu\u011fu Kur&#8217;an-i Kerim ile ba\u015flad\u0131.<\/p>\n<p>Daha sonra IGMG&#8221;\u02c6Hessen B\u00f6lgesi Kelsterbach \u015eubesi Ba\u015fkan\u0131 Ayd\u0131n Baz misafirlere bir ho\u015fgeldiniz konu\u015fmas\u0131 yapt\u0131. Bu konu\u015fmadan sonra kendisinden \u00f6nce yakla\u015f\u0131k 15 sene cemiyet ba\u015fkanl\u0131\u011f\u0131&nbsp; yapan \u00d6mer Demir&#8217;e yapt\u0131klar\u0131 hizmetlerden dolay\u0131 te\u015fekk\u00fcr ederek hediye plaketi takdim etti. Hediyeyi vermek \u00fczere sahneye gelen IGMG Hessen B\u00f6lge Ba\u015fkan\u0131 Mehmet Ate\u015f \u00d6mer Demir&#8217;e yapt\u0131klar\u0131 hizmetleri i\u00e7in te\u015fekk\u00fcr etti ve k\u0131sa bir selamlama konu\u015fmas\u0131 yapt\u0131.<\/p>\n<p>Daha sonra programa misafir olarak kat\u0131lan IGMG&#8221;\u02c6Rhein Neckar Saar B\u00f6lge Ba\u015fkan\u0131 Ya\u015far Cim\u015fit k\u00fcrs\u00fcye gelerek k\u0131sa bir konu\u015fma yapt\u0131.<\/p>\n<p>IGMG E\u011fitim Ba\u015fkan Yard\u0131mc\u0131s\u0131 Ramazan Ba\u015fl\u0131k&#8217;\u0131n yapt\u0131\u011f\u0131 konu\u015fmadan sonra IGMG Kelsterbach \u015eubesi Anas\u0131n\u0131f\u0131 \u00e7ocuklar\u0131n\u0131n okuduklar\u0131 ilahilerden sonra Hz. Muhammed (s.a.v) anlatan sinevizyon g\u00f6sterimine ge\u00e7ildi.<\/p>\n<p>Sinevizyon g\u00f6steriminden sonra Veysel Pan\u00e7o&#8217;nun okudu\u011fu naattan sonra programa k\u0131sa bir ara verildi.<\/p>\n<p>K\u0131sa aran\u0131n ard\u0131ndan k\u00fcrs\u00fcye Albulkarim Hamdaoui gelerek misafirlere g\u00fczel bir Kur&#8217;an ziyafeti sundu. G\u00fcn\u00fcn hatibi Mustafa Mullao\u011flu misafirlere Hz. Muhammed&#8217;in hayat\u0131m\u0131zdaki yeri i\u00e7erikli bir konu\u015fma yapt\u0131.<\/p>\n<p>Son olarak yine IGMG Kelsterbach \u015eubesi eski idarecilerinden S\u00fcleyman Malko\u00e7&#8217;a da \u015eube Ba\u015fkan\u0131 Ayd\u0131n Baz taraf\u0131ndan bir te\u015fekk\u00fcr plaketi takdim edildi. Veysel Panco&#8217;nun okudu\u011fu kapan\u0131\u015f Kur&#8217;an-\u0131 Kerim&#8217;i ile program sona erdi.(ik)<\/p>\n","protected":false},"excerpt":{"rendered":"<p>IGMG Hessen B\u00f6lgesi Kelsterbach \u015eubesi&#8217;nin haz\u0131rlam\u0131\u015f oldu\u011fu &#8220;Alemlere Rahmet Hz. Muhammed&#8221;\u009d program\u0131 Kelsterbach&#8217;ta bulunan Mehrzweghalle S\u00fcd salonunda kalabal\u0131k bir kat\u0131l\u0131m ile ger\u00e7ekle\u015ftirildi.<\/p>\n","protected":false},"author":1,"featured_media":0,"comment_status":"open","ping_status":"closed","sticky":false,"template":"","format":"standard","meta":{"ngg_post_thumbnail":0},"categories":[23238,24],"tags":[],"_links":{"self":[{"href":"https:\/\/www.igmg.org\/tr\/wp-json\/wp\/v2\/posts\/9207"}],"collection":[{"href":"https:\/\/www.igmg.org\/tr\/wp-json\/wp\/v2\/posts"}],"about":[{"href":"https:\/\/www.igmg.org\/tr\/wp-json\/wp\/v2\/types\/post"}],"author":[{"embeddable":true,"href":"https:\/\/www.igmg.org\/tr\/wp-json\/wp\/v2\/users\/1"}],"replies":[{"embeddable":true,"href":"https:\/\/www.igmg.org\/tr\/wp-json\/wp\/v2\/comments?post=9207"}],"version-history":[{"count":0,"href":"https:\/\/www.igmg.org\/tr\/wp-json\/wp\/v2\/posts\/9207\/revisions"}],"wp:attachment":[{"href":"https:\/\/www.igmg.org\/tr\/wp-json\/wp\/v2\/media?parent=9207"}],"wp:term":[{"taxonomy":"category","embeddable":true,"href":"https:\/\/www.igmg.org\/tr\/wp-json\/wp\/v2\/categories?post=9207"},{"taxonomy":"post_tag","embeddable":true,"href":"https:\/\/www.igmg.org\/tr\/wp-json\/wp\/v2\/tags?post=9207"}],"curies":[{"name":"wp","href":"https:\/\/api.w.org\/{rel}","templated":true}]}}