{"id":9236,"date":"2010-04-01T10:05:00","date_gmt":"2010-04-01T08:05:00","guid":{"rendered":"https:\/\/www.igmg.org\/?p=9236"},"modified":"2015-02-16T10:46:04","modified_gmt":"2015-02-16T09:46:04","slug":"kuzey-almanya-aeslam-toplumu-big-ve-kuzey-hollanda-milla-ga%c2%b6ra%c2%bcay-filistin-ve-kuda%c2%bcs-gezisi-da%c2%bczenledi","status":"publish","type":"post","link":"https:\/\/www.igmg.org\/tr\/kuzey-almanya-aeslam-toplumu-big-ve-kuzey-hollanda-milla-ga%c2%b6ra%c2%bcay-filistin-ve-kuda%c2%bcs-gezisi-da%c2%bczenledi\/","title":{"rendered":"Kuzey Almanya \u0130slam Toplumu (BIG) ve Kuzey Hollanda Mill\u00ee G\u00f6r\u00fc\u015f Filistin ve Kud\u00fcs gezisi d\u00fczenledi"},"content":{"rendered":"<p>Amsterdam Kad\u0131nlar Te\u015fkilat\u0131&#039;n\u0131n; Hazret-i Peygamber&#039;in &#8220;\u00dc\u00e7 mescid i\u00e7in yola \u00e7\u0131k\u0131l\u0131r; Mescid-i Haram(Kabe), Mescid-i Nebevi ve Mescid-i Aksa&#8221;\u009d hadisinden hareketle \u00f6ncelikle ibadet amac\u0131yla d\u00fczenledi\u011fi geziye &nbsp;yo\u011fun ilgi g\u00f6sterildi. Gezinin belirli say\u0131da ki\u015fi i\u00e7in planlanmas\u0131ndan dolay\u0131 yedekte bulunan bir \u00e7ok ki\u015fi bu \u00f6nemli geziye kat\u0131lamad\u0131.<\/p>\n<p>Toplu olarak \u0130srail&#039;den al\u0131nan vizeler sonras\u0131nda 43 ki\u015filik kafile, Tel Aviv Ben Guron Havaalan\u0131&#039;ndan Kud\u00fcs&#039;e otob\u00fcs ile hareket ederek, sabah namaz\u0131n\u0131 Mescid-i Aksa Camii&#039;nde k\u0131ld\u0131. Kud\u00fcs&#039;\u00fcn manevi havas\u0131 teneff\u00fcs edildi ve Hazret-i \u00d6mer d\u00f6nemi, Eyy\u00fcbiler, Memluklular, Osmanl\u0131 ba\u015fta olmak \u00fczere bir \u00e7ok medeniyetin b\u0131rakt\u0131\u011f\u0131 eserler tecr\u00fcbeli bir rehber e\u015fli\u011finde gezildi.&nbsp;<\/p>\n<p><span lang=\"TR\">&nbsp;<\/span><\/p>\n<p>Gezinin Kafile Ba\u015fkan\u0131 Murat Kurt izlenimlerini \u015fu \u015fekilde aktard\u0131: &#8220;M\u00fcsl\u00fcmanlar\u0131n ilk  k\u0131blesi olan, hemen hemen t\u00fcm peygamberlerin ya\u015fad\u0131\u011f\u0131 veya u\u011frak yeri olan  Filistin&#039;in, Kud\u00fcs ve di\u011fer \u015fehirleri tarihi zenginliklerinin yan\u0131s\u0131ra, manevi  atmosferi ile de bizleri etkiledi. \u00dc\u00e7 b\u00fcy\u00fck din i\u00e7in \u00f6nemli olan bu topraklarda, ayn\u0131  anda M\u00fcsl\u00fcmanlar\u0131n ezan sesi ile birlikte sokakta ayin yapan Hr\u0131stiyanlar ve a\u011flama  duvar\u0131nda sallanarak ibadet eden Yahudiler g\u00f6r\u00fclebiliyordu. Mescid-i Aksa&#039;n\u0131n  kap\u0131lar\u0131n\u0131n d\u0131\u015f\u0131nda \u0130srail askerleri, kap\u0131lar\u0131n i\u00e7 k\u0131sm\u0131nda ise Filistinli g\u00fcvenlik g\u00f6revlileri kimlik kontrol\u00fcnde bulunuyordu. M\u00fcsl\u00fcman olmayanlar g\u00fcvenlik gerek\u00e7esi ile Aksa Camii avlusuna al\u0131nm\u0131yordu.&#8221;\u009d<\/p>\n<p><span lang=\"TR\"><br \/>\n<\/span><\/p>\n<p><span lang=\"TR\">Kubbet\u00fc&#039;s Sahra&#039;da Peygamber Efendimiz&#039;in Mira\u00e7 olay\u0131nda \u00fczerine bast\u0131\u011f\u0131 Muallak ta\u015f\u0131 ve  camii avlusundaki Osmanl\u0131 eserleri ziyaret edildi. Eski Kud\u00fcs&#039;\u00fcn \u00e7ar\u015f\u0131lar\u0131  \u0130stanbul&#039;daki kapal\u0131 \u00e7ar\u015f\u0131ya benzerli\u011fi ile dikkatleri \u00e7ekti. <\/span><\/p>\n<p><span lang=\"TR\">Olduk\u00e7a uyumlu olan grup \u00fcyeleri Mescid-i Aksa ve Kubbet\u00fc&#039;s Sahra d\u0131\u015f\u0131nda olan \u00f6nemli yerlerden olan Zeytinda\u011f\u0131, \u00c7ile yolu, Hazret-i \u0130sa&#039;n\u0131n yakaland\u0131\u011f\u0131 ve&nbsp; <\/span>g\u00f6\u011fe y\u00fckseldi\u011fine inan\u0131lan yerleri, Hazret-i Meryem&#039;in ya\u015fad\u0131\u011f\u0131 ve vefat etti\u011fi yerleri, Davut (as)&#039;\u0131n kabrini, Musa  (as)&#039;\u0131n medresesi ve kabri olan yerler ile, d\u00fcnyan\u0131n en al\u00e7ak yeri olan  (-400metre) Lut (as)&#039;\u0131n kavminin helak oldu\u011fu Lut g\u00f6l\u00fcn\u00fc ziyret etti. Bunlardan ba\u015fka  sadece Cuma g\u00fcnleri a\u00e7\u0131lan Burak mescidi ve Yahudiler i\u00e7in \u00f6nemli olan a\u011flama  duvar\u0131 ziyaret edildi. <\/p>\n<p><span lang=\"TR\"><\/span>A\u011flama duvar\u0131n\u0131n alt\u0131ndan ba\u015flay\u0131p Mescid-i Aksa&#039;ya  kadar giden \u0130srail&#039;in ba\u015flatt\u0131\u011f\u0131 arkeolojik kaz\u0131lar bizzat yerinde g\u00f6r\u00fcld\u00fc. Yine  Kud\u00fcs&#039;te Hazret-i \u00d6mer&#039;in ziyaret edip i\u00e7erisine girmedi\u011fi, Hazreti \u0130sa&#039;n\u0131n g\u00f6\u011fe y\u00fckselmeden \u00f6nce g\u00f6m\u00fcld\u00fc\u011f\u00fc ve cesedinin \u00fczerinde y\u0131kand\u0131\u011f\u0131na inan\u0131lan  ta\u015f\u0131n i\u00e7erisinde bulundu\u011fu K\u0131yamet Kilisesi ziyaret edildi. <\/p>\n<p><span lang=\"TR\">&nbsp;<\/span><\/p>\n<p><span lang=\"TR\">\u0130srail&#039;in do\u011fal miras olarak ilan etti\u011fi El-Halil \u015fehrindeki \u0130brahim (as), Yakub (as),  \u0130shak (as) ve Yusuf (as)&#039;\u0131n i\u00e7erisinde mezar\u0131 bulunan Hazret-i \u0130brahim Camii gerginlik sebebiyle ziyaret edilemedi. Grup Beytlahim \u015fehrine ge\u00e7erek  Hazret-i \u0130sa&#039;n\u0131n do\u011fdu\u011funa inan\u0131lan ma\u011faray\u0131 i\u00e7erisinde bar\u0131nd\u0131ran &#8220;Do\u011fu\u015f  Kilisesi&#8221;\u009d ziyaret edildikten sonra Yafa&#039;ya ge\u00e7ildi. Burada Osmanl\u0131 d\u00f6neminden  kalan Mescid-i Kebir Camii&#039;nde namaz k\u0131l\u0131nd\u0131 ve Amsterdam&#039;a d\u00f6n\u00fcld\u00fc. <\/span><\/p>\n<p><span lang=\"TR\">Murat Kurt, Filistinli M\u00fcsl\u00fcmanlar\u0131n T\u00fcrklere ilgisinin olduk\u00e7a \u00fcst d\u00fczeyde oldu\u011funu belirterek; &#8220;Grubumuzu g\u00f6ren her Filistinliler&#039;in II. Abd\u00fclhamit&#039;i yad  etmesi bir ba\u015fka ilgi \u00e7ekici noktayd\u0131&#8230;Manevi ve tarihi ziyaretlerin yan\u0131s\u0131ra, \u0130srail&#039;in her ge\u00e7en g\u00fcn Filistinliler&#039;e ait olan topraklarda yeni  yerle\u015fim alanlar\u0131 a\u00e7mas\u0131 ve ele ge\u00e7irdi\u011fi \u015fehirleri y\u00fcksek duvarlarla (\u015fu an  toplam 800 kilometreye ula\u015fm\u0131\u015f) \u00e7evirmesinden dolay\u0131 Filistinli M\u00fcsl\u00fcmanlar\u0131n  hayat\u0131na getirdi\u011fi s\u0131k\u0131nt\u0131lar haf\u0131zalar\u0131m\u0131zda yer etti&#8221;\u009d dedi. <\/span><\/p>\n<p><span lang=\"NL\">Kuzey Almanya \u0130slam Toplumu(BIG)&#039;nun Filistinlilerin ac\u0131lar\u0131na ortak olmak amac\u0131yla Kud\u00fcs&#039;e &nbsp;<\/span>d\u00fczenledi\u011fi  3 g\u00fcnl\u00fck bir geziye <span lang=\"NL\">24 ki\u015fi kat\u0131ld\u0131.<\/span><\/p>\n<p><span lang=\"NL\">Gezide; Mescidi Aksa,  Cebel\u00fczzeytun, Selmani Farisi Mescidi, Hi\u015fam bin Abdilmelik viraneleri, \u00f6l\u00fc deniz, Makam\u0131 Musa,  Hz. \u00d6mer Mescidi, Kud\u00fcs&#039;\u00fcn merkezinde bulunan \u00e7e\u015fme, Babu Halil, K\u0131yamet  Kilisesi, <\/span><span lang=\"NL\">Babu Nebi Davud (Davud a.s. kabri zannedilen yer)<\/span><span lang=\"NL\"> ve a\u011flama duvar\u0131  gibi din\u00ee, tarih\u00ee ve k\u00fclt\u00fcrel mekanlar ziyaret edildi. Hr\u0131stiyan ve Ermeni  mahellesine sokak turu d\u00fczenlendi.<\/span><\/p>\n<p><span lang=\"NL\">Gezinin ikinci g\u00fcn\u00fcnde Hz. Musa  (a.s)&#039;n\u0131n ge\u00e7erken namaz k\u0131lmak icin u\u011frad\u0131\u011f\u0131 yer olan Makam\u0131 Musa&#039;da \u00f6\u011fle namaz\u0131  k\u0131lan kafile, ayn\u0131 g\u00fcn Mescid-i Aksa&#039;da ak\u015fam ve yats\u0131 namaz\u0131n\u0131 eda etti.  Mescid-i Aksa&#039;da ak\u015fam ezan\u0131n\u0131&nbsp; <\/span>Hamburg Merkez Camii \u0130mam\u0131 M\u00fcnir \u00c7aml\u0131 okudu.<\/p>\n<p><b><span lang=\"NL\">BIG kafilesi \u00e7at\u0131\u015fman\u0131n  ortas\u0131nda kald\u0131<\/span><\/b><\/p>\n<p><span lang=\"EN-US\">Ziyaretle ilgili ilgi veren <\/span><span lang=\"EN-US\">BIG Ba\u015fkan\u0131 Ramazan U\u00e7ar,<\/span><span lang=\"EN-US\"> &#8220;Mescid-i Aksa&#039;da<\/span><span lang=\"EN-US\"> Cuma namaz\u0131ndan sonra bir grup Filistinli gen<\/span><span lang=\"TR\">\u00e7  ile<\/span><span lang=\"EN-US\"> \u0130srail askerleri aras\u0131nda <\/span><span lang=\"TR\">\u00e7<\/span><span lang=\"EN-US\">at\u0131\u015fma \u00e7\u0131kt\u0131. <\/span><span lang=\"NL\">\u0130<\/span><span lang=\"NL\">srail  askerleri <\/span><span lang=\"NL\">gaz bombalar\u0131, ses bombalar\u0131 ve plastik mermi kulland\u0131lar.<\/span><span lang=\"NL\"> Mescid-i Aksa  Cami<\/span><span lang=\"NL\">i&#039;<\/span><span lang=\"NL\">nin  i\u00e7erisine de iki gaz <\/span><span lang=\"NL\">bombas\u0131 at\u0131ld\u0131. Toplam 40  tane Filistinli gen\u00e7<\/span><span lang=\"NL\"> bu deh\u015fetli  \u00e7at\u0131\u015fmada yaraland\u0131 ve sedyelerle ta\u015f\u0131nd\u0131lar. Bizim grubumuz i\u00e7erisinde bulunan baz\u0131 arkada\u015flarda  \u00e7at\u0131\u015fman\u0131n ortas\u0131nda kalarak<\/span><span lang=\"NL\"> <\/span><span lang=\"NL\">camiyi  terk etmek zorunda kald\u0131lar<\/span><span lang=\"NL\">&#8220;\u009d dedi.<\/span><\/p>\n<p><span lang=\"NL\">&nbsp;<\/span><\/p>\n<p><span lang=\"NL\">Kuzey Almanya \u0130slam Toplumu Ba\u015fkan\u0131 Ramazan U\u00e7ar, 15 g\u00fcn \u00f6nce de Mescid-i Aksa&#039;n\u0131n 1000 ki\u015filik \u0130srail askerleri  taraf\u0131ndan i\u015fgal edildi\u011fi ve Mescid-i Aksa&#039;n\u0131n 300.000 avro de\u011ferindeki ses  sistemini tahrip ettiklerini cami imam\u0131ndan \u00f6\u011frendiklerini belirterek &#8220;\u0130srail  askerlerine ta\u015f atan ki\u015filerin kimlikleri tan\u0131mland\u0131\u011f\u0131 zaman \u0130srail askerlerinin bu ki\u015fileri hapse att\u0131\u011f\u0131 ve evlerini de y\u0131kt\u0131klar\u0131n\u0131 \u00f6\u011frendik&#8221;\u009d dedi.<\/span><\/p>\n<p><span lang=\"NL\">&nbsp;<\/span><\/p>\n<p><span lang=\"NL\">Ayn\u0131 g\u00fcn <\/span><span lang=\"NL\">Mescid<\/span><span lang=\"NL\">&#8211;<\/span><span lang=\"NL\">i Aksa<\/span><span lang=\"NL\">&#039;<\/span><span lang=\"NL\">da ak\u015fam namaz\u0131<\/span><span lang=\"NL\"> eda edilirken  yine M\u00fcnir \u00c7aml\u0131<\/span><span lang=\"NL\"> <\/span><span lang=\"NL\">ezan  okudu ve Hamburg Merkez Camii \u0130<\/span><span lang=\"NL\">mam\u0131<\/span><span lang=\"NL\"> Osman \u00c7elik <\/span><span lang=\"NL\">imaml\u0131k yapt\u0131.<\/span><span lang=\"NL\"> Osman \u00c7<\/span><span lang=\"NL\">elik  Mescid<\/span><span lang=\"NL\">&#8211;<\/span><span lang=\"NL\">i Aksa<\/span><span lang=\"NL\">&#039;da y<\/span><span lang=\"NL\">ats<\/span><span lang=\"NL\">\u0131 namaz\u0131<\/span><span lang=\"NL\">ndan sonra<\/span><span lang=\"NL\">  da <\/span><span lang=\"NL\">a\u015f\u0131r (Amenerrasulu) okudu.<\/span><\/p>\n<p><span lang=\"NL\">&nbsp;<\/span><\/p>\n<p><span lang=\"NL\">Cemaatin b\u00fcy\u00fck ilgi ve al\u00e2kas\u0131na \u015fahit olduklar\u0131n\u0131 kaydeden U\u00e7ar, karde\u015flik  duygular\u0131<\/span><span lang=\"NL\">n\u0131n<\/span><span lang=\"NL\"> dile geldi\u011fi gezide &#8220;Ho\u015fgeldiniz T\u00fcrkler&#8221;\u009d sloganlar\u0131 ile kar\u015f\u0131land\u0131klar\u0131n\u0131  ifade etti.(ik)<\/span><\/p>\n","protected":false},"excerpt":{"rendered":"<p>Kuzey Almanya \u0130slam Toplumu(BIG) 24 ki\u015filik bir grupla Kuzey Hollanda Mill\u00ee G\u00f6r\u00fc\u015f Te\u015fkilatlar\u0131 Amsterdam Kad\u0131nlar Te\u015fkilat\u0131 da bay ve bayan 43 ki\u015fiden olu\u015fan bir grupla Kur&#8217;an&#8217;\u0131n m\u00fcbarek k\u0131ld\u0131\u011f\u0131 beldelerden olan Filistin&#8217;deki \u00f6nemli \u015fehirlere bir gezi d\u00fczenledi.<\/p>\n","protected":false},"author":1,"featured_media":0,"comment_status":"open","ping_status":"closed","sticky":false,"template":"","format":"standard","meta":{"ngg_post_thumbnail":0},"categories":[23238,24],"tags":[],"_links":{"self":[{"href":"https:\/\/www.igmg.org\/tr\/wp-json\/wp\/v2\/posts\/9236"}],"collection":[{"href":"https:\/\/www.igmg.org\/tr\/wp-json\/wp\/v2\/posts"}],"about":[{"href":"https:\/\/www.igmg.org\/tr\/wp-json\/wp\/v2\/types\/post"}],"author":[{"embeddable":true,"href":"https:\/\/www.igmg.org\/tr\/wp-json\/wp\/v2\/users\/1"}],"replies":[{"embeddable":true,"href":"https:\/\/www.igmg.org\/tr\/wp-json\/wp\/v2\/comments?post=9236"}],"version-history":[{"count":0,"href":"https:\/\/www.igmg.org\/tr\/wp-json\/wp\/v2\/posts\/9236\/revisions"}],"wp:attachment":[{"href":"https:\/\/www.igmg.org\/tr\/wp-json\/wp\/v2\/media?parent=9236"}],"wp:term":[{"taxonomy":"category","embeddable":true,"href":"https:\/\/www.igmg.org\/tr\/wp-json\/wp\/v2\/categories?post=9236"},{"taxonomy":"post_tag","embeddable":true,"href":"https:\/\/www.igmg.org\/tr\/wp-json\/wp\/v2\/tags?post=9236"}],"curies":[{"name":"wp","href":"https:\/\/api.w.org\/{rel}","templated":true}]}}