{"id":9255,"date":"2010-04-03T10:00:00","date_gmt":"2010-04-03T08:00:00","guid":{"rendered":"https:\/\/www.igmg.org\/?p=9255"},"modified":"2015-02-16T10:46:03","modified_gmt":"2015-02-16T09:46:03","slug":"hollanda-maide-i-kuraean-programae%c2%b1-ga%c2%b6na%c2%bcllere-huzur-verdi","status":"publish","type":"post","link":"https:\/\/www.igmg.org\/tr\/hollanda-maide-i-kuraean-programae%c2%b1-ga%c2%b6na%c2%bcllere-huzur-verdi\/","title":{"rendered":"Hollanda Maide-i Kur&#8217;an program\u0131 g\u00f6n\u00fcllere huzur verdi"},"content":{"rendered":"<p><span lang=\"TR\">Program Mustafa \u00dcrgen\u00e7 ve Adem T\u00fcrkmen&#039;in okuduklar\u0131 ikili ezan ile ba\u015flad\u0131. Sunucu Serdar Tuncer bir \u015fiirle ba\u015flad\u0131 sunmaya. Program\u0131n ba\u015f\u0131nda k\u0131sa birer selamlama konu\u015fmas\u0131 yapmalar\u0131 i\u00e7in, B\u00f6lge Ba\u015fkan\u0131 Mehmet Yaram\u0131\u015f ve IGMG Genel Ba\u015fkan\u0131 Yavuz \u00c7elik Karahan&#039;\u0131 s\u0131rayla sahneye davet etti. <\/span><\/p>\n<p>Ba\u015fkanlar konu\u015fmalar\u0131nda y\u0131l boyu yap\u0131lan \u00f6nemli baz\u0131 \u00e7al\u0131\u015fmalar\u0131n alt\u0131n\u0131 \u00e7izdiler. Yar\u0131m asra yakla\u015fan gurbet hayat\u0131m\u0131z\u0131n sonunda, gelinen bu g\u00fczel noktadan duyduklar\u0131 mutlulu\u011fu dile getirdiler. <\/p>\n<p>Yaram\u0131\u015f hi\u00e7bir masraftan ka\u00e7\u0131nmayarak bu g\u00fczel salonlarda bu programlar\u0131 yapmalar\u0131ndaki as\u0131l gayenin sevgili peygamberimizi, Kur&#039;an\u0131m\u0131z\u0131 dolay\u0131s\u0131yla dinimizi gelecek nesillere sevdirmek oldu\u011funu s\u00f6yledi. Bir\u00e7ok s\u0131k\u0131nt\u0131 ve sorunlar\u0131n varl\u0131\u011f\u0131na i\u015faret eden Yaram\u0131\u015f; &#8220;Buna ra\u011fmen \u015funu memnuniyetle ifade etmek isterim ki, elli y\u0131l \u00f6nce buraya gelen insanlar\u0131m\u0131z, \u015fuandaki tabloyu hayal dahi edemiyorlard\u0131. Ama Allah&#039;a hamd olsun onlar\u0131n mayalam\u0131\u015f oldu\u011fu damla misali k\u00fc\u00e7\u00fck \u00e7al\u0131\u015fmalar, dalga dalga b\u00fcy\u00fcyerek b\u00fcy\u00fck denizler b\u00fcy\u00fck okyanuslar olmaya ba\u015flam\u0131\u015ft\u0131r ve devam edecektir in\u015fallah&#8221;\u009d dedi. Yaram\u0131\u015f Avrupa&#039;da daha g\u00fc\u00e7l\u00fc ve daha huzurlu bir gelecek i\u00e7in di\u011fer \u0130slam\u00ee kurulu\u015flarla da birlik ve berberlik i\u00e7inde \u00e7al\u0131\u015fmalar yap\u0131lmas\u0131n\u0131n ka\u00e7\u0131n\u0131lmaz oldu\u011funu vurgulad\u0131. &nbsp;Yaram\u0131\u015f s\u00f6zlerini 3 Mart&#039;ta yap\u0131lan yerel se\u00e7imler sonucunda belediye y\u00f6netimine giren iki y\u00fcze yak\u0131n T\u00fcrk k\u00f6kenlinin; \u00e7ok hay\u0131rl\u0131 \u00e7al\u0131\u015fmalara imza atacaklar\u0131na inand\u0131\u011f\u0131n\u0131 ve kendilerine dua etti\u011fini s\u00f6yleyerek tamamlad\u0131. Kuzey Hollanda Mill\u00ee G\u00f6r\u00fc\u015f B\u00f6lge Ba\u015fkan\u0131 Ahmet Duran&#039;da program\u0131 izlemek i\u00e7in protokolda yer ald\u0131.&nbsp;<\/p>\n<table width=\"450\" height=\"182\">\n<tbody>\n<tr>\n<th scope=\"col\"><\/th>\n<th scope=\"col\"><\/th>\n<\/tr>\n<\/tbody>\n<tbody><\/tbody>\n<\/table>\n<p> <span lang=\"TR\">Daha sonra s\u00f6z alan Karahan ise s\u00f6zlerine; &#8220;Siz Peygamber sevdal\u0131lar\u0131n\u0131, Kur&#039;an a\u015f\u0131klar\u0131n\u0131 bu g\u00fczel salonda b\u00f6yle &nbsp;<\/span>muhte\u015fem bir ortam\u0131 olu\u015fturman\u0131zdan dolay\u0131 tebrik ediyorum, Cenab\u0131 Hak c\u00fcmlenizden raz\u0131 olsun&#8221;\u009d diyerek ba\u015flad\u0131. Karahan Kur&#039;an&#039;n\u0131n okumas\u0131 ve okutulmas\u0131n\u0131n ve ya\u015fanmas\u0131n\u0131n \u00f6yle san\u0131ld\u0131\u011f\u0131 kadar kolay olmad\u0131\u011f\u0131n\u0131 dile getirerek; &#8220;Peygamberimizin Mekke d\u00f6nemini bir d\u00fc\u015f\u00fcnelim. S\u00fcmeyye annelerimizin \u015fahadetini, Yasir ailesinin i\u015fkencelere tabi tutulu\u015flar\u0131n\u0131, Hz. \u00d6mer efendimizin eni\u015fte ve k\u0131z karde\u015finin gizli gizli Kur&#039;an okudu\u011funu ve o Kur&#039;an&#039;\u0131 dinleyerek k\u0131rk\u0131nc\u0131 M\u00fcsl\u00fcman olan Hz. \u00d6mer&#039;in durumunu \u015f\u00f6yle g\u00f6z \u00f6n\u00fcne getirelim. O d\u00f6nemde korkudan de\u011fil ama tedbir olarak Kur&#039;an&#039;\u0131 gizli gizli okumak&nbsp; zorunda olan M\u00fcsl\u00fcmanlar\u0131n&nbsp; halini bir hayal edelim. Ve ilk kez Kabe&#039;yi tavaf edi\u015flerini hat\u0131rlayal\u0131m. Bunlar kolay olmad\u0131&#8221;\u009d diyen Karahan bu g\u00fcnleri \u00e7ok \u015f\u00fck\u00fcr edilmesi gereken g\u00fcnler olarak de\u011ferlendirdi. Karahan; &#8220;11 Eyl\u00fcl&#039;den sonra M\u00fcsl\u00fcmanlara y\u00f6nelik; ba\u015fta karikat\u00fcr olmak \u00fczere yap\u0131lan \u00e7e\u015fitli sald\u0131r\u0131lar\u0131n M\u00fcsl\u00fcmanlar\u0131 b\u00f6lmeye g\u00fcc\u00fc yetmemi\u015ftir. Bilakis M\u00fcsl\u00fcmanlar aras\u0131nda \u00fcnsiyetin, sevginin artmas\u0131na vesile olmu\u015ftur. Hamdolsun salonlar\u0131m\u0131z bug\u00fcn burada oldu\u011fu gibi, her programda dolup ta\u015fmaktad\u0131r. Bu da Kur&#039;an&#039;\u0131n bir bereketidir b\u00f6yle bilinmelidir&#8221;\u009d dedi.<\/p>\n<p><span lang=\"TR\">G\u00fcn\u00fcn Hatibi Mustafa Mullao\u011flu kutlu do\u011fumu anma \u00e7er\u00e7evesinde haz\u0131rlad\u0131\u011f\u0131 konu\u015fmas\u0131nda; 14 as\u0131rd\u0131r Peygamber Efendimizi bize en iyi \u015fekilde anlatan biri gelmemi\u015ftir. Onu bize en iyi \u015fekilde anlatan; onu biz g\u00f6nderen Allahu Teala&#039;d\u0131r. O nedenle biz de ona y\u00f6neliyoruz, bakal\u0131m Mevla onu nas\u0131l \u00f6vm\u00fc\u015f diyerek ba\u015flad\u0131\u011f\u0131 konu\u015fmas\u0131n\u0131 \u015f\u00f6yle s\u00fcrd\u00fcrd\u00fc; &nbsp;<\/span>&#8220;Mevla&#039;m\u0131z her \u015feyden \u00f6nce ona &#039;Biz seni ancak ve ancak b\u00fct\u00fcn \u00e2lemlere rahmet olarak g\u00f6nderdik habibim&#039; buyurmu\u015ftur. Gelmi\u015f ge\u00e7mi\u015f peygamberler Kuran&#039;da b\u00fct\u00fcn olarak zikredilmi\u015flerdir. Ancak hatem-\u00fcl embiya olan&nbsp; Peygamberimiz b\u00fct\u00fcn y\u00f6nleriyle&nbsp; zikredilmi\u015ftir&#8221;\u009d diyen &nbsp;Mullao\u011flu kendine has anlat\u0131m\u0131yla yar\u0131m saat s\u00fcren konu\u015fmas\u0131 boyunca Peygamber Efendimizin \u00e7e\u015fitli y\u00f6n ve davran\u0131\u015flar\u0131n\u0131 anlatt\u0131. <\/p>\n<p><span lang=\"TR\">Konu\u015fmalar\u0131n ard\u0131ndan Hollanda \u0130slam Federasyonu&#039;na ba\u011fl\u0131 cemiyetlerin ba\u015fkanlar\u0131 ve programa katk\u0131da bulunan esnaf ve i\u015fverenler sahneye al\u0131narak kendilerine ba\u015fkanlar taraf\u0131ndan te\u015fekk\u00fcr plaketi verildi.<\/span><\/p>\n<p><span lang=\"TR\">Bu  arada Hollanda&#039;da yap\u0131lan Kur&#039;an&#039;\u0131 Kerim g\u00fczel okuma yar\u0131\u015fmas\u0131nda birinci olan  Ali R\u0131za Yaman ve ikinci olan Abd\u00fcssamet Bozkurt k\u0131sa olarak Kur&#039;an okuyarak  b\u00fcy\u00fck dinleyici kar\u015f\u0131s\u0131nda okuma heyecan\u0131n\u0131 tatm\u0131\u015f oldular. <\/span><\/p>\n<p><span lang=\"TR\">Daha  sonra haf\u0131zlar sahnede yerlerin al\u0131p g\u00fczel sesleriyle salonu Kur&#039;an  sedalar\u0131yla \u00e7\u0131nlatt\u0131lar. \u00d6nce \u0130ranl\u0131 haf\u0131z Rahim Hakim sonra T\u00fcrkiye&#039;nin de\u011ferli  sesi Fatih \u00c7ollak ve son olarak M\u0131s\u0131rl\u0131 haf\u0131z Dr. Ahmet Naina okuyu\u015funu tamamlad\u0131.  Program saat 20:00&#039;de ba\u015flad\u0131 ve yakla\u015f\u0131k &nbsp;<\/span>23:00&#039;de sona erdi. (ik)<\/p>\n","protected":false},"excerpt":{"rendered":"<p>Hollanda \u0130slam Federasyonu gelenek haline getirdi\u011fi Maide-i Kur&#8217;an ve Peygamberimizi anma program\u0131, bu y\u0131l yine Den Haag&#8217;da M\u00fcsl\u00fcmanlar\u0131n y\u00fcreklerini manevi g\u00fczelliklerle doldurdu. \u0130ki bin be\u015f y\u00fcz ki\u015filik salonu dolduran M\u00fcsl\u00fcmanlar d\u00fcnyan\u0131n \u00e7e\u015fitli yerlerinden gelen birbirinden g\u00fczel sesli haf\u0131zlar\u0131n okuduklar\u0131 Kur&#8217;an&#8217;\u0131 Kerim ile co\u015ftular. Kur&#8217;an tilavetini T\u00fcrkiye&#8217;den Fatih \u00c7ollak, M\u0131s\u0131rdan Dr. Ahmet Naina ve \u0130ran&#8217;dan Rahim Haki&#8217;in sesinden dinleyen M\u00fcsl\u00fcmanlar, de\u011ferli hatip Mustafa Mullao\u011flu&#8217;nun nefis anlat\u0131m\u0131yla Peygamber Efendimizin hayat\u0131ndan kesitler dinlediler. Gen\u00e7 \u015eair Serdar Tuncer okudu\u011fu duygu y\u00fckl\u00fc \u015fiirler ve kendine has g\u00fczel sunumuyla salondakilere ho\u015f dakikalar ya\u015fatt\u0131.<\/p>\n","protected":false},"author":1,"featured_media":0,"comment_status":"open","ping_status":"closed","sticky":false,"template":"","format":"standard","meta":{"ngg_post_thumbnail":0},"categories":[23238,24],"tags":[],"_links":{"self":[{"href":"https:\/\/www.igmg.org\/tr\/wp-json\/wp\/v2\/posts\/9255"}],"collection":[{"href":"https:\/\/www.igmg.org\/tr\/wp-json\/wp\/v2\/posts"}],"about":[{"href":"https:\/\/www.igmg.org\/tr\/wp-json\/wp\/v2\/types\/post"}],"author":[{"embeddable":true,"href":"https:\/\/www.igmg.org\/tr\/wp-json\/wp\/v2\/users\/1"}],"replies":[{"embeddable":true,"href":"https:\/\/www.igmg.org\/tr\/wp-json\/wp\/v2\/comments?post=9255"}],"version-history":[{"count":0,"href":"https:\/\/www.igmg.org\/tr\/wp-json\/wp\/v2\/posts\/9255\/revisions"}],"wp:attachment":[{"href":"https:\/\/www.igmg.org\/tr\/wp-json\/wp\/v2\/media?parent=9255"}],"wp:term":[{"taxonomy":"category","embeddable":true,"href":"https:\/\/www.igmg.org\/tr\/wp-json\/wp\/v2\/categories?post=9255"},{"taxonomy":"post_tag","embeddable":true,"href":"https:\/\/www.igmg.org\/tr\/wp-json\/wp\/v2\/tags?post=9255"}],"curies":[{"name":"wp","href":"https:\/\/api.w.org\/{rel}","templated":true}]}}