{"id":9266,"date":"2010-04-11T10:00:00","date_gmt":"2010-04-11T08:00:00","guid":{"rendered":"https:\/\/www.igmg.org\/?p=9266"},"modified":"2015-02-16T10:46:00","modified_gmt":"2015-02-16T09:46:00","slug":"germersheimaeda-idareciler-toplandae%c2%b1","status":"publish","type":"post","link":"https:\/\/www.igmg.org\/tr\/germersheimaeda-idareciler-toplandae%c2%b1\/","title":{"rendered":"Germersheim&#8217;da idareciler topland\u0131"},"content":{"rendered":"<p><span lang=\"TR\">Toplant\u0131ya Cemiyet Ba\u015fkan\u0131 \u00d6zer Demiral&#8217;\u0131n yapm\u0131\u015f oldu\u011fu a\u00e7\u0131l\u0131\u015f konu\u015fmas\u0131 ile ba\u015fland\u0131.<\/span><\/p>\n<p><span lang=\"TR\">Cemiyet Ba\u015fkan\u0131 cemiyetteki yap\u0131lan hizmetlerden kesitler sunarak, Germersheim \u015eubesi olarak her y\u0131l Avrupa &nbsp;<\/span>Kur&#8217;an-\u0131 Kerim Yar\u0131\u015fmas\u0131 finaline yar\u0131\u015fmac\u0131 g\u00f6nderdigimiz gibi bu y\u0131lda &nbsp;W\u00fcppertal&#8217;daki finale b\u00f6lgemizi temsilen \u0130smail Tuzlac\u0131&#8217;n\u0131n kat\u0131ld\u0131\u011f\u0131n\u0131 belirtti.<\/p>\n<p><span lang=\"TR\">&nbsp;<\/span><\/p>\n<p><span lang=\"TR\">Cemiyetin genel bilgilendirmesini sunan Cemiyet Ba\u015fkan\u0131 \u00d6zer Demiral, Germersheim&#8217;da daha \u00e7ok hizmetler yap\u0131lmas\u0131 gerektigini bunu i\u00e7inde idareciler olarak daha fazla \u00e7al\u0131\u015fmalar\u0131 gerektigini belirtti.<\/span><\/p>\n<p><span lang=\"TR\">&nbsp;<\/span><\/p>\n<p><span lang=\"TR\">Toplant\u0131ya B\u00f6lge Ba\u015fkan\u0131 Ya\u015far Cim\u015fit ile B\u00f6lge Te\u015fkilatlanma Ba\u015fkan\u0131 Murat Sa\u011fd\u0131\u00e7 da misafir olarak kat\u0131ld\u0131lar. Te\u015fkilatlanma Ba\u015fkan\u0131 Murat Sa\u011fd\u0131\u00e7 te\u015fkilatla ilgili bilgileri ve nas\u0131l \u00e7al\u0131\u015fmalar\u0131 gerektigini anlatt\u0131.<\/span><\/p>\n<p><span lang=\"TR\">&nbsp;<\/span><\/p>\n<p><span lang=\"TR\">B\u00f6lge Ba\u015fkan\u0131 Ya\u015far Cim\u015fit ise Germersheim \u015eubesi&#8217;nin \u00e7al\u0131\u015fmalar\u0131n\u0131 takdir ederek, b\u00f6lgedeki \u00e7al\u0131\u015fmalar\u0131 d\u00fczenli ve planl\u0131 olarak yapt\u0131klar\u0131ndan dolay\u0131 idarecileri tebrik etti. Cim\u015fit &#8220;Germersheim ve \u00e7evresinde bulunan M\u00fcsl\u00fcman lara en iyi \u015fekilde hizmet etmeyi \u015fiar edinmi\u015f bir anlay\u0131\u015fla burada yap\u0131lan hizmetler daha fazla insanlara ula\u015ft\u0131rmak i\u00e7in gayret g\u00f6sterilmesi gerekmektedir. Siz zaten bu \u00e7al\u0131\u015fmalar\u0131 yap\u0131yorsunuz, bundan dolay\u0131 hem sizi hem de \u00fcyelerinizi tebrik ederim&#8221;\u009d dedi. Toplant\u0131 kar\u015f\u0131l\u0131kl\u0131 fikir al\u0131\u015f veri\u015finden sonra bitti.(ik)<\/span><\/p>\n","protected":false},"excerpt":{"rendered":"<p>IGMG Rhein Neckar Saar B\u00f6lgesi Germersheim \u015eubesi \u0130dareciler toplant\u0131s\u0131 B\u00fcy\u00fckler, Kad\u0131nlar Te\u015fkilati ile Gen\u00e7lik Te\u015fkilat\u0131 idarecilerinin kat\u0131l\u0131m\u0131 ile yap\u0131ld\u0131.<\/p>\n","protected":false},"author":1,"featured_media":0,"comment_status":"open","ping_status":"closed","sticky":false,"template":"","format":"standard","meta":{"ngg_post_thumbnail":0},"categories":[23238,24],"tags":[],"_links":{"self":[{"href":"https:\/\/www.igmg.org\/tr\/wp-json\/wp\/v2\/posts\/9266"}],"collection":[{"href":"https:\/\/www.igmg.org\/tr\/wp-json\/wp\/v2\/posts"}],"about":[{"href":"https:\/\/www.igmg.org\/tr\/wp-json\/wp\/v2\/types\/post"}],"author":[{"embeddable":true,"href":"https:\/\/www.igmg.org\/tr\/wp-json\/wp\/v2\/users\/1"}],"replies":[{"embeddable":true,"href":"https:\/\/www.igmg.org\/tr\/wp-json\/wp\/v2\/comments?post=9266"}],"version-history":[{"count":0,"href":"https:\/\/www.igmg.org\/tr\/wp-json\/wp\/v2\/posts\/9266\/revisions"}],"wp:attachment":[{"href":"https:\/\/www.igmg.org\/tr\/wp-json\/wp\/v2\/media?parent=9266"}],"wp:term":[{"taxonomy":"category","embeddable":true,"href":"https:\/\/www.igmg.org\/tr\/wp-json\/wp\/v2\/categories?post=9266"},{"taxonomy":"post_tag","embeddable":true,"href":"https:\/\/www.igmg.org\/tr\/wp-json\/wp\/v2\/tags?post=9266"}],"curies":[{"name":"wp","href":"https:\/\/api.w.org\/{rel}","templated":true}]}}