{"id":9289,"date":"2010-04-09T10:00:00","date_gmt":"2010-04-09T08:00:00","guid":{"rendered":"https:\/\/www.igmg.org\/?p=9289"},"modified":"2015-02-16T10:46:01","modified_gmt":"2015-02-16T09:46:01","slug":"hessen-ba%c2%b6lgesi-geniayletilmiay-azube-baaykanlarae%c2%b1-toplantae%c2%b1larae%c2%b1-yapae%c2%b1ldae%c2%b1","status":"publish","type":"post","link":"https:\/\/www.igmg.org\/tr\/hessen-ba%c2%b6lgesi-geniayletilmiay-azube-baaykanlarae%c2%b1-toplantae%c2%b1larae%c2%b1-yapae%c2%b1ldae%c2%b1\/","title":{"rendered":"Hessen B\u00f6lgesi Geni\u015fletilmi\u015f \u015eube Ba\u015fkanlar\u0131 toplant\u0131lar\u0131 yap\u0131ld\u0131"},"content":{"rendered":"<p>Geni\u015fletilmi\u015f Ba\u015fkanlar toplant\u0131s\u0131na cemiyetleri ba\u015fkanlar\u0131n\u0131n yan\u0131s\u0131ra, Kad\u0131nlar Te\u015fkilatlar\u0131 Ba\u015fkanlar\u0131, Gen\u00e7lik Te\u015fkilatlar\u0131 Ba\u015fkanlar\u0131, Kad\u0131nlar Gen\u00e7lik Te\u015fkilatlar\u0131 Ba\u015fkanlar\u0131 da kat\u0131ld\u0131lar. <\/p>\n<p>Toplant\u0131larda IGMG Hessen B\u00f6lge \u0130cras\u0131 da tam kadro haz\u0131r bulundu. IGMG Hessen B\u00f6lgesi&#8217;ndeki cemiyetlerin iki k\u0131s\u0131mda bir araya geldikleri toplant\u0131lar\u0131n ilki Giessen&#8217;de yap\u0131ld\u0131. Buradaki toplant\u0131ya Hessen B\u00f6lgesi&#8217;ne ba\u011fl\u0131 cemiyetlerin kuzey b\u00f6l\u00fcmde kalanlar\u0131 kat\u0131ld\u0131.<\/p>\n<p>Program a\u00e7\u0131l\u0131\u015f Kur&#8217;an-\u0131 Kerimi ile ba\u015flad\u0131. IGMG Hessen B\u00f6lge Te\u015fkilatlanma Ba\u015fkan\u0131 Ahmet \u00d6lmez&#8217;in yoklamas\u0131ndan sonra IGMG Hessen B\u00f6lge Ba\u015fkan\u0131 Mehmet Ate\u015f a\u00e7\u0131l\u0131\u015f konu\u015fmas\u0131n\u0131 yapt\u0131. Ate\u015f konu\u015fmas\u0131nda: &#8220;K\u0131ymetli Ba\u015fkanlar\u0131m bu t\u00fcr toplant\u0131lar\u0131 s\u0131k s\u0131k yapmam\u0131z\u0131n faydalar\u0131n\u0131 hepiniz bilmektesiniz. Bu toplant\u0131larda sene i\u00e7erisindeki yapt\u0131\u011f\u0131m\u0131z faaliyetlerdeki eksikliklerimizi tesbit etmekte ve yapmam\u0131z gereken \u00e7al\u0131\u015fmalarla alakal\u0131 fikir al\u0131\u015f veri\u015finde bulunmaktay\u0131z&#8221;\u009d dedi.<\/p>\n<p>IGMG Hessen B\u00f6lge Icra \u00dcyesi Birim Ba\u015fkanlar\u0131 da birimleri hakk\u0131nda bilgilendirmelerde bulundular. Ak\u015fam namaz\u0131 i\u00e7in verilen moladan sonra cemiyet ba\u015fkanlar\u0131 dilek ve temennilerini ilettiler.<\/p>\n<p>Programa misafir hatip olarak IGMG Rhein-Neckar-Saar B\u00f6lge Ba\u015fkan\u0131 Ya\u015far Cim\u015fit kat\u0131larak son d\u00f6nemde ya\u015fanan geli\u015fmelerin \u0131\u015f\u0131\u011f\u0131nda farkl\u0131 bir perspektiften de\u011ferlendirmede bulundu.<\/p>\n<p>\u0130kinci toplant\u0131 ise ertesi g\u00fcn Hattersheim&#8217;da yap\u0131ld\u0131. Buradaki toplant\u0131ya da g\u00fcney k\u0131s\u0131mda bulunan cemiyetlerin idarecileri kat\u0131ld\u0131lar. Buradaki program da a\u00e7\u0131l\u0131\u015f Kur&#8217;an-\u0131 Kerim&#8217;i ile ba\u015flad\u0131.<\/p>\n<p>IGMG Hessen B\u00f6lge Te\u015fkilatlanma Ba\u015fkan\u0131 Ahmet \u00d6lmez&#8217;in yoklamas\u0131ndan sonra IGMG Hessen B\u00f6lge Ba\u015fkan\u0131 Mehmet Ate\u015f a\u00e7\u0131l\u0131\u015f konu\u015fmas\u0131n\u0131 yapt\u0131. Burada da IGMG Hessen B\u00f6lge Icra \u00dcyesi Birim Ba\u015fkanlar\u0131 da birimleri hakk\u0131nda bilgilendirmelerde bulundular.<\/p>\n<p>Hattersheim&#8217;da ki toplant\u0131ya da IGMG Genel Merkezden Mehmet Toprak ve \u0130brahim Kayg\u0131s\u0131z kat\u0131ld\u0131lar. \u0130brahim Kayg\u0131s\u0131z yapm\u0131\u015f oldu\u011fu konu\u015fmada: &#8220;K\u0131ymetli idareci karde\u015flerim kat\u0131l\u0131m\u0131n\u0131zdan dolay\u0131 hepinizi tebrik ediyorum. T\u00fcm d\u00fcnyadaki insanlar\u0131n saadetine talip bir te\u015fkilat\u0131n idareci mensuplar\u0131 olan sizlerin yapt\u0131klar\u0131 bu \u00e7al\u0131\u015fmalar ger\u00e7ekten \u00e7ok \u00f6nemlidir. \u0130dareciler varsa eksiklerini ve isti\u015farelerini y\u0131l\u0131n belirli d\u00f6nemlerinde yapt\u0131klar\u0131 bu t\u00fcr toplant\u0131larla giderip daha verimli \u00e7al\u0131\u015fmalar yap\u0131lmas\u0131 i\u00e7in tazelenmeleri \u00f6nemlidir&#8221;\u009d dedi.<\/p>\n<p>Mehmet Toprak da yapt\u0131\u011f\u0131 konu\u015fmada: &#8220;Sevgili karde\u015flerim; sizler yapt\u0131\u011f\u0131n\u0131z bu \u00e7al\u0131\u015fmalar ile ilk \u00f6nce Allah&#8217;\u0131n r\u0131zas\u0131n\u0131 kazan\u0131yorsunuz. Daha sonra da bulundu\u011funuz toplumda kim ne derse desin bu topluma pozitif katk\u0131larda bulunuyorsunuz. Yapt\u0131\u011f\u0131n\u0131z bu toplant\u0131lar bunlar\u0131n en \u00f6nemli g\u00f6stergesidir&#8221;\u009d dedi.<\/p>\n<p>IGMG Hessen B\u00f6lge Ba\u015fkan\u0131 Mehmet Ate\u015f son olarak cemiyet idarecilerinin dilek ve temennilerine cevap verdi. Program kapan\u0131\u015f Kur&#8217;an-\u0131 Kerim&#8217;i ile sona erdi. (ik)<\/p>\n","protected":false},"excerpt":{"rendered":"<p>\u0130slam Toplumu Milli G\u00f6r\u00fc\u015f Hessen B\u00f6lgesi&#8217;ne ba\u011fl\u0131 olarak faaliyetlerini s\u00fcrd\u00fcren cemiyetlerin Ba\u015fkanlar\u0131 Giessen ve Hattersheim&#8217;da  yap\u0131lan Geni\u015fletilmi\u015f \u015eube Ba\u015fkanlar\u0131 toplant\u0131s\u0131na kat\u0131ld\u0131lar.<\/p>\n","protected":false},"author":1,"featured_media":0,"comment_status":"open","ping_status":"closed","sticky":false,"template":"","format":"standard","meta":{"ngg_post_thumbnail":0},"categories":[23238,24,23255],"tags":[],"_links":{"self":[{"href":"https:\/\/www.igmg.org\/tr\/wp-json\/wp\/v2\/posts\/9289"}],"collection":[{"href":"https:\/\/www.igmg.org\/tr\/wp-json\/wp\/v2\/posts"}],"about":[{"href":"https:\/\/www.igmg.org\/tr\/wp-json\/wp\/v2\/types\/post"}],"author":[{"embeddable":true,"href":"https:\/\/www.igmg.org\/tr\/wp-json\/wp\/v2\/users\/1"}],"replies":[{"embeddable":true,"href":"https:\/\/www.igmg.org\/tr\/wp-json\/wp\/v2\/comments?post=9289"}],"version-history":[{"count":0,"href":"https:\/\/www.igmg.org\/tr\/wp-json\/wp\/v2\/posts\/9289\/revisions"}],"wp:attachment":[{"href":"https:\/\/www.igmg.org\/tr\/wp-json\/wp\/v2\/media?parent=9289"}],"wp:term":[{"taxonomy":"category","embeddable":true,"href":"https:\/\/www.igmg.org\/tr\/wp-json\/wp\/v2\/categories?post=9289"},{"taxonomy":"post_tag","embeddable":true,"href":"https:\/\/www.igmg.org\/tr\/wp-json\/wp\/v2\/tags?post=9289"}],"curies":[{"name":"wp","href":"https:\/\/api.w.org\/{rel}","templated":true}]}}