{"id":9475,"date":"2010-05-21T09:40:00","date_gmt":"2010-05-21T07:40:00","guid":{"rendered":"https:\/\/www.igmg.org\/?p=9475"},"modified":"2015-02-16T10:45:50","modified_gmt":"2015-02-16T09:45:50","slug":"igmg-ruhr-a-ba%c2%b6lgesi-imamlarae%c2%b1-ve-cemiyet-baaykanlarae%c2%b1-toplandae%c2%b1","status":"publish","type":"post","link":"https:\/\/www.igmg.org\/tr\/igmg-ruhr-a-ba%c2%b6lgesi-imamlarae%c2%b1-ve-cemiyet-baaykanlarae%c2%b1-toplandae%c2%b1\/","title":{"rendered":"IGMG Ruhr A B\u00f6lgesi imamlar\u0131 ve cemiyet ba\u015fkanlar\u0131 topland\u0131"},"content":{"rendered":"<p>Okunan Kur&#8217;an-\u0131 Kerim ile ba\u015flayan program B\u00f6lge Te\u015fkilatlanma Ba\u015fkan\u0131 Harun \u00c7aylan&#8217;\u0131n yapt\u0131\u011f\u0131 selamlama konu\u015fmas\u0131, g\u00fcndem taktimi ve yoklama ile devam etti.<\/p>\n<p>Daha sonra Ruhr A Tan\u0131tma Ba\u015fkanl\u0131\u011f\u0131&#8217;n\u0131n haz\u0131rlad\u0131\u011f\u0131 yeni al\u0131nmas\u0131 planlanan b\u00f6lge binas\u0131 ile alakal\u0131 film hep birlikte izlendi ve B\u00f6lge Ba\u015fkan\u0131 \u00d6zcan Kuri bina hakk\u0131nda izahatta bulunup a\u00e7\u0131klamalar yapt\u0131, bu konuda \u015fu ana kadar yap\u0131lan \u00e7al\u0131\u015fmalar hakk\u0131nda&nbsp; bilgiler verdi. Kuri ayr\u0131ca bina al\u0131n\u0131m\u0131 konusunda ve yap\u0131lacak \u00f6demelerde ba\u015fta b\u00f6lge y\u00f6netim kurulu olmak \u00fczere cemiyet ba\u015fkanlar\u0131 ve hoca efendiler, cemiyetlerdeki idarecilere ve \u00fcyelerine d\u00fc\u015fen maddi y\u00fck\u00fcml\u00fcl\u00fcklere deyinerek bu konuda herkesin \u00fczerine d\u00fc\u015fen g\u00f6revi azami bir hassasiyetle yerine getirmesi gereklili\u011fine dikkati \u00e7ekti.<\/p>\n<p>\u0130zlenen &nbsp;b\u00f6lge binas\u0131 tan\u0131t\u0131m filmin akabinde gerek Cemiyet \u0130mam Hatipleri ve gerekse Cemiyet Ba\u015fkanlar\u0131 bu konu \u00fczerinde s\u00f6z alarak fikirlerini&nbsp; sunarak &nbsp;baz\u0131 \u00f6nerilerde bulundular. Yap\u0131lan dilek ve temennilerden sonra tekrar bir durum de\u011ferlendirmesi konu\u015fmas\u0131 yapan Kuri hep birlikte yo\u011fun ve sistematik bir \u00e7al\u0131\u015fma i\u00e7erisine girersek bu b\u00f6lgemiz a\u00e7\u0131s\u0131ndan \u00e7ok \u00f6nemli ve gerekli i\u015fin de \u00fcstesinden hay\u0131rl\u0131s\u0131 ile gelebileceklerineinand\u0131klar\u0131n\u0131 dile getiredi ve \u015fimdiden hep birlikte ba\u015far\u0131l\u0131 bir \u00e7al\u0131\u015fma dile\u011fi ile konu\u015fmas\u0131na son verdi. Program okunan Kur&#8217;an-\u0131 Kerim ile son buldu.(ik)<\/p>\n","protected":false},"excerpt":{"rendered":"<p>IGMG Ruhr A B\u00f6lgesi&#8217;ne ba\u011fl\u0131 olarak faaliyetlerini s\u00fcrd\u00fcren cemiyet imamlar\u0131, cemiyet yeti\u015fkinler ve gen\u00e7lik te\u015fkilat\u0131 ba\u015fkanlar\u0131 IGMG L\u00fcnen Fatih Camii&#8217;nde bir araya geldiler.<\/p>\n","protected":false},"author":1,"featured_media":0,"comment_status":"open","ping_status":"closed","sticky":false,"template":"","format":"standard","meta":{"ngg_post_thumbnail":0},"categories":[23238,24,23255],"tags":[],"_links":{"self":[{"href":"https:\/\/www.igmg.org\/tr\/wp-json\/wp\/v2\/posts\/9475"}],"collection":[{"href":"https:\/\/www.igmg.org\/tr\/wp-json\/wp\/v2\/posts"}],"about":[{"href":"https:\/\/www.igmg.org\/tr\/wp-json\/wp\/v2\/types\/post"}],"author":[{"embeddable":true,"href":"https:\/\/www.igmg.org\/tr\/wp-json\/wp\/v2\/users\/1"}],"replies":[{"embeddable":true,"href":"https:\/\/www.igmg.org\/tr\/wp-json\/wp\/v2\/comments?post=9475"}],"version-history":[{"count":0,"href":"https:\/\/www.igmg.org\/tr\/wp-json\/wp\/v2\/posts\/9475\/revisions"}],"wp:attachment":[{"href":"https:\/\/www.igmg.org\/tr\/wp-json\/wp\/v2\/media?parent=9475"}],"wp:term":[{"taxonomy":"category","embeddable":true,"href":"https:\/\/www.igmg.org\/tr\/wp-json\/wp\/v2\/categories?post=9475"},{"taxonomy":"post_tag","embeddable":true,"href":"https:\/\/www.igmg.org\/tr\/wp-json\/wp\/v2\/tags?post=9475"}],"curies":[{"name":"wp","href":"https:\/\/api.w.org\/{rel}","templated":true}]}}