{"id":9525,"date":"2010-05-18T10:00:00","date_gmt":"2010-05-18T08:00:00","guid":{"rendered":"https:\/\/www.igmg.org\/?p=9525"},"modified":"2015-02-16T10:45:51","modified_gmt":"2015-02-16T09:45:51","slug":"amsterdamaeda-aerfan-eaeyitim-merkezi-ve-nieuw-west-gena%c2%a7lik-lokali-aa%c2%a7ae%c2%b1ldae%c2%b1","status":"publish","type":"post","link":"https:\/\/www.igmg.org\/tr\/amsterdamaeda-aerfan-eaeyitim-merkezi-ve-nieuw-west-gena%c2%a7lik-lokali-aa%c2%a7ae%c2%b1ldae%c2%b1\/","title":{"rendered":"Amsterdam&#8217;da \u0130rfan E\u011fitim Merkezi ve Nieuw West Gen\u00e7lik Lokali a\u00e7\u0131ld\u0131"},"content":{"rendered":"<p>Dualarla a\u00e7\u0131lan e\u011fitim merkezi ve gen\u00e7lik lokali binas\u0131n\u0131n kurdelas\u0131 IGMG Te\u015fkilatlanma Ba\u015fkan\u0131 Sami Ganio\u011flu ve Kuzey Hollanda Milli G\u00f6r\u00fc\u015f Federasyonu Ba\u015fkan\u0131 Ahmet Duran taraf\u0131ndan birlikte kesildi. Yeni a\u00e7\u0131lan e\u011fitim merkezi ve gen\u00e7lik lokaliyle gen\u00e7lerin, milli ve manevi de\u011ferlerine ba\u011fl\u0131 kalmas\u0131n\u0131 temin etmesi, ayr\u0131ca, sosyal ve ilmi geli\u015fmelerine katk\u0131 sa\u011flamas\u0131 ama\u00e7lan\u0131yor.<\/p>\n<p>Gen\u00e7lik lokali ve e\u011fitim merkezi olmak \u00fczere iki k\u0131s\u0131mdan olu\u015fan binada \u0130rfan E\u011fitim Merkezi \u00e7at\u0131s\u0131 alt\u0131nda bayanlara, gen\u00e7 k\u0131z ve erkeklere haftai\u00e7i ve haftasonu din dersleri, dil dersleri, m\u00fczik dersleri ve di\u011fer alanlarda e\u011fitim veriliyor.<\/p>\n<p>Y\u00fczlerce \u00f6\u011frenci ve kursiyerin e\u011fitim g\u00f6rmeye ba\u015flad\u0131\u011f\u0131 e\u011fitim merkezinde be\u015f s\u0131n\u0131f, bir \u015fark odas\u0131, bir mescit ve bir kantin bulunuyor.<\/p>\n<p>Nieuw West Gen\u00e7lik Lokali ad\u0131 alt\u0131nda da gen\u00e7lere y\u00f6nelik olarak a\u00e7\u0131lan lokalde \u00e7e\u015fitli toplant\u0131 ve sohbetlerin yan\u0131s\u0131ra gen\u00e7lerin vakitlerini iyi de\u011ferlendirebilecekleri ortamlar haz\u0131rlan\u0131yor.<\/p>\n<p>A\u00e7\u0131l\u0131\u015f sonras\u0131 misafirlere ikramda bulunuldu ve \u00e7al\u0131\u015fmalar hakk\u0131nda k\u0131sa bir bilgilendirme yap\u0131ld\u0131.(ik)<\/p>\n","protected":false},"excerpt":{"rendered":"<p>Amsterdam&#8217;\u0131n Osdorp semtinde Kuzey Hollanda Milli G\u00f6r\u00fc\u015f Gen\u00e7lik Federasyonu&#8217;na ba\u011fl\u0131 \u0130rfan E\u011fitim Merkezi ve Nieuw West Gen\u00e7lik Lokali t\u00f6renle hizmete girdi. Kalabal\u0131k bir toplulu\u011fun kat\u0131l\u0131m\u0131yla ger\u00e7ekle\u015ftirilen a\u00e7\u0131l\u0131\u015fa Almanya&#8217;dan \u0130slam Toplumu Milli G\u00f6r\u00fc\u015f (IGMG) Te\u015fkilatlanma Ba\u015fkan\u0131 Sami Ganio\u011flu, IGMG Y\u00f6netim Kurulu \u00fcyesi \u0130brahim Kayg\u0131s\u0131z, Kuzey Hollanda Milli G\u00f6r\u00fc\u015f Federasyonu Ba\u015fkan\u0131 Ahmet Duran ve Kuzey Hollanda Milli G\u00f6r\u00fc\u015f Gen\u00e7lik Federasyonu Ba\u015fkan\u0131 Muhittin Ayd\u0131n da kat\u0131ld\u0131lar.<\/p>\n","protected":false},"author":1,"featured_media":0,"comment_status":"open","ping_status":"closed","sticky":false,"template":"","format":"standard","meta":{"ngg_post_thumbnail":0},"categories":[23238,24],"tags":[],"_links":{"self":[{"href":"https:\/\/www.igmg.org\/tr\/wp-json\/wp\/v2\/posts\/9525"}],"collection":[{"href":"https:\/\/www.igmg.org\/tr\/wp-json\/wp\/v2\/posts"}],"about":[{"href":"https:\/\/www.igmg.org\/tr\/wp-json\/wp\/v2\/types\/post"}],"author":[{"embeddable":true,"href":"https:\/\/www.igmg.org\/tr\/wp-json\/wp\/v2\/users\/1"}],"replies":[{"embeddable":true,"href":"https:\/\/www.igmg.org\/tr\/wp-json\/wp\/v2\/comments?post=9525"}],"version-history":[{"count":0,"href":"https:\/\/www.igmg.org\/tr\/wp-json\/wp\/v2\/posts\/9525\/revisions"}],"wp:attachment":[{"href":"https:\/\/www.igmg.org\/tr\/wp-json\/wp\/v2\/media?parent=9525"}],"wp:term":[{"taxonomy":"category","embeddable":true,"href":"https:\/\/www.igmg.org\/tr\/wp-json\/wp\/v2\/categories?post=9525"},{"taxonomy":"post_tag","embeddable":true,"href":"https:\/\/www.igmg.org\/tr\/wp-json\/wp\/v2\/tags?post=9525"}],"curies":[{"name":"wp","href":"https:\/\/api.w.org\/{rel}","templated":true}]}}