{"id":9552,"date":"2010-05-21T12:34:00","date_gmt":"2010-05-21T10:34:00","guid":{"rendered":"https:\/\/www.igmg.org\/?p=9552"},"modified":"2015-02-16T10:45:49","modified_gmt":"2015-02-16T09:45:49","slug":"kilise-ve-igmg-ta%c2%bcrk-annelerine-eaeyitim-kursu-imka%c2%a2nae%c2%b1-sunuyor","status":"publish","type":"post","link":"https:\/\/www.igmg.org\/tr\/kilise-ve-igmg-ta%c2%bcrk-annelerine-eaeyitim-kursu-imka%c2%a2nae%c2%b1-sunuyor\/","title":{"rendered":"Kilise ve IGMG T\u00fcrk annelerine e\u011fitim kursu imk\u00e2n\u0131 sunuyor"},"content":{"rendered":"<p>Merkezi L\u00fcdenscheid&#8217;de bulunan entegrasyon ajans\u0131 Ocak ay\u0131 ba\u015f\u0131nda T\u00fcrk anneleri i\u00e7in bir giri\u015f kursu organize etti. &#8220;G\u00fc\u00e7l\u00fc anne baba &#8211; g\u00fc\u00e7l\u00fc \u00e7ocuklar&#8221;\u009d isimli kursa, psikolojik dan\u0131\u015fman ve personel \u015fefi H\u00fcseyin Y\u00fcksel ve k\u0131z karde\u015fi M\u00fcrvet Y\u00fcksel-Karako\u00e7 k\u00fclt\u00fcrleraras\u0131 aile \u00e7al\u0131\u015fmalar\u0131 seminerleriyle katk\u0131da bulundular.<\/p>\n<p>Giri\u015f kursu T\u00fcrk annelerine y\u00f6nelikti. Kursta ele al\u0131nan konular e\u011fitim, okul deste\u011fi ve ergenlik gibi genel konulard\u0131. Ayn\u0131 zamanda k\u00fclt\u00fcrel farkl\u0131l\u0131klar konusu da ele al\u0131nd\u0131. Bunun yan\u0131 s\u0131ra \u00f6zel olarak entegrasyon ile ilgili konu ve sorunlar da incelendi.<\/p>\n<p>2, 9 ve 16 Haziran g\u00fcnlerinde ger\u00e7ekle\u015fecek olan kurs seminerlerinin \u0130slam Toplumu Milli G\u00f6r\u00fc\u015f&#8217;\u00fcn seminer salonlar\u0131nda yap\u0131laca\u011f\u0131 belirtildi. (ya)<\/p>\n","protected":false},"excerpt":{"rendered":"<p>Kiliseye ba\u011fl\u0131 entegrasyon ajans\u0131 IGMG ile ortak olarak Werdohl&#8217;de sosyal dan\u0131\u015fmanl\u0131k merkezinde T\u00fcrk annelerine y\u00f6nelik e\u011fitim kurslar\u0131 d\u00fczenliyor.<\/p>\n","protected":false},"author":1,"featured_media":0,"comment_status":"open","ping_status":"closed","sticky":false,"template":"","format":"standard","meta":{"ngg_post_thumbnail":0},"categories":[23238,24],"tags":[],"_links":{"self":[{"href":"https:\/\/www.igmg.org\/tr\/wp-json\/wp\/v2\/posts\/9552"}],"collection":[{"href":"https:\/\/www.igmg.org\/tr\/wp-json\/wp\/v2\/posts"}],"about":[{"href":"https:\/\/www.igmg.org\/tr\/wp-json\/wp\/v2\/types\/post"}],"author":[{"embeddable":true,"href":"https:\/\/www.igmg.org\/tr\/wp-json\/wp\/v2\/users\/1"}],"replies":[{"embeddable":true,"href":"https:\/\/www.igmg.org\/tr\/wp-json\/wp\/v2\/comments?post=9552"}],"version-history":[{"count":0,"href":"https:\/\/www.igmg.org\/tr\/wp-json\/wp\/v2\/posts\/9552\/revisions"}],"wp:attachment":[{"href":"https:\/\/www.igmg.org\/tr\/wp-json\/wp\/v2\/media?parent=9552"}],"wp:term":[{"taxonomy":"category","embeddable":true,"href":"https:\/\/www.igmg.org\/tr\/wp-json\/wp\/v2\/categories?post=9552"},{"taxonomy":"post_tag","embeddable":true,"href":"https:\/\/www.igmg.org\/tr\/wp-json\/wp\/v2\/tags?post=9552"}],"curies":[{"name":"wp","href":"https:\/\/api.w.org\/{rel}","templated":true}]}}