{"id":9569,"date":"2010-05-24T11:18:00","date_gmt":"2010-05-24T09:18:00","guid":{"rendered":"https:\/\/www.igmg.org\/?p=9569"},"modified":"2015-02-16T10:45:48","modified_gmt":"2015-02-16T09:45:48","slug":"rhein-neckar-saar-ba%c2%b6lgesi-gena%c2%a7lik-teaykilatae%c2%b1-gemi-gezisi-da%c2%bczenledi","status":"publish","type":"post","link":"https:\/\/www.igmg.org\/tr\/rhein-neckar-saar-ba%c2%b6lgesi-gena%c2%a7lik-teaykilatae%c2%b1-gemi-gezisi-da%c2%bczenledi\/","title":{"rendered":"Rhein Neckar Saar B\u00f6lgesi Gen\u00e7lik Te\u015fkilat\u0131 gemi gezisi d\u00fczenledi"},"content":{"rendered":"<p><span lang=\"TR\"><\/span><\/p>\n<p>Kur&#039;an-\u0131 Kerim okunmas\u0131 ile ba\u015flayan gezi, Rhein Neckar Saar B\u00f6lge Gen\u00e7lik Te\u015fkilat\u0131 Ba\u015fkan\u0131 \u0130hsan Alt\u0131nda\u015fo\u011flu&#039;nun a\u00e7\u0131l\u0131\u015f konu\u015fmas\u0131 ile devam etti. <\/p>\n<p>Alt\u0131nda\u015fo\u011flu kat\u0131lan t\u00fcm misafirleri selamlayarak, kat\u0131l\u0131mlar\u0131 i\u00e7in misafirlere ayr\u0131ca te\u015fekk\u00fcr etti. Program B\u00f6lge Gen\u00e7lik Te\u015fkilat\u0131&#039;n\u0131n &nbsp;haz\u0131rlam\u0131\u015f oldu\u011fu kahvalt\u0131 ikram\u0131 ile devam etti.<\/p>\n<p>Ard\u0131ndan selamlama konu\u015fmas\u0131n\u0131 yapan Rhein Neckar Saar B\u00f6lge Ba\u015fkan\u0131  Ya\u015far Cim\u015fit misafirleri selamlayarak Rhein ve Neckar Nehri&#039;nin &nbsp;k\u0131saca  \u00f6zge\u00e7mi\u015fini anlatt\u0131. <\/p>\n<p>Aile E\u011fitim Seminerini vermek \u00fczere Genel  Merkez&#039;den kat\u0131lan Ramazan Ba\u015fl\u0131k gen\u00e7lere ve ailelere faydal\u0131 \u00f6\u011f\u00fctler  verdi. Seminerin \u00e7ok faydal\u0131 ge\u00e7ti\u011fini ve be\u011fendiklerini belirten  aileler bu gibi seminerlerin devam etmesini istediklerini dile  getirdiler. 3 Saat s\u00fcren gezi&nbsp; kapan\u0131\u015f Kur&#039;an-\u0131 &nbsp;Kerim&#039;i ile son buldu.(ik)<\/p>\n<h3>Related Links<\/h3>\n<ul>\n<li>www.rnsgenclik.de<\/li>\n<\/ul>\n","protected":false},"excerpt":{"rendered":"<p>\u0130slam Toplumu Milli G\u00f6r\u00fc\u015f Rhein Neckar Saar B\u00f6lgesi Gen\u00e7lik Te\u015fkilat\u0131&#8217;n\u0131n haz\u0131rlam\u0131\u015f oldu\u011fu gemi gezisi unutulmaz an\u0131lar b\u0131rakt\u0131.<\/p>\n","protected":false},"author":1,"featured_media":0,"comment_status":"open","ping_status":"closed","sticky":false,"template":"","format":"standard","meta":{"ngg_post_thumbnail":0},"categories":[23238,24,23259],"tags":[],"_links":{"self":[{"href":"https:\/\/www.igmg.org\/tr\/wp-json\/wp\/v2\/posts\/9569"}],"collection":[{"href":"https:\/\/www.igmg.org\/tr\/wp-json\/wp\/v2\/posts"}],"about":[{"href":"https:\/\/www.igmg.org\/tr\/wp-json\/wp\/v2\/types\/post"}],"author":[{"embeddable":true,"href":"https:\/\/www.igmg.org\/tr\/wp-json\/wp\/v2\/users\/1"}],"replies":[{"embeddable":true,"href":"https:\/\/www.igmg.org\/tr\/wp-json\/wp\/v2\/comments?post=9569"}],"version-history":[{"count":0,"href":"https:\/\/www.igmg.org\/tr\/wp-json\/wp\/v2\/posts\/9569\/revisions"}],"wp:attachment":[{"href":"https:\/\/www.igmg.org\/tr\/wp-json\/wp\/v2\/media?parent=9569"}],"wp:term":[{"taxonomy":"category","embeddable":true,"href":"https:\/\/www.igmg.org\/tr\/wp-json\/wp\/v2\/categories?post=9569"},{"taxonomy":"post_tag","embeddable":true,"href":"https:\/\/www.igmg.org\/tr\/wp-json\/wp\/v2\/tags?post=9569"}],"curies":[{"name":"wp","href":"https:\/\/api.w.org\/{rel}","templated":true}]}}