{"id":9665,"date":"2010-06-02T10:00:00","date_gmt":"2010-06-02T08:00:00","guid":{"rendered":"https:\/\/www.igmg.org\/?p=9665"},"modified":"2015-02-16T10:45:45","modified_gmt":"2015-02-16T09:45:45","slug":"berlinaede-peygamber-aayae%c2%b1klarae%c2%b1-tempodrumaeda-kutlu-doaeyum-ia%c2%a7in-buluaytu","status":"publish","type":"post","link":"https:\/\/www.igmg.org\/tr\/berlinaede-peygamber-aayae%c2%b1klarae%c2%b1-tempodrumaeda-kutlu-doaeyum-ia%c2%a7in-buluaytu\/","title":{"rendered":"Berlin&#8217;de peygamber a\u015f\u0131klar\u0131 Tempodrum&#8217;da Kutlu Do\u011fum i\u00e7in bulu\u015ftu"},"content":{"rendered":"<p>Salonu t\u0131kl\u0131m t\u0131kl\u0131m dolduran misafirler g\u00fcn\u00fcn manevi hazz\u0131n\u0131 doyas\u0131ya ya\u015fad\u0131lar. Sunuculu\u011funu TRT sunucular\u0131ndan Serdar Tuncer&#039;in yapt\u0131\u011f\u0131 &#8220;Alemlere Rahmet Hazreti Muhammed ve M\u00e2ide-i Kur&#039;\u00e2n&#8221;\u009d program\u0131 ak\u015fam saat 21.30&#039;a kadar devam etti.<\/p>\n<p>IGMG Berlin B\u00f6lge Ba\u015fkan\u0131 Siyami \u00d6zt\u00fcrk&#039;le birlikte IGMG Genel Ba\u015fkan\u0131 Yavuz \u00c7elik Karahan, Eski Yabanc\u0131lar Sorumlusu Barbara John, Berlin Din Hizmetleri Ata\u015fesi, Almanya M\u00fcsiad Ba\u015fkan\u0131 Ali Uzun, Berlin M\u00fcsiad Ba\u015fkan\u0131 Veli Karakaya, Berlin&#039;de hizmet veren bir\u00e7ok sivil toplum \u00f6rg\u00fctlerinin ba\u015fkanlar\u0131, vatanda\u015flar\u0131m\u0131z anlaml\u0131 g\u00fcne i\u015ftirak ettiler.<\/p>\n<p>G\u00fcn\u00fcn anlam ve \u00f6nemini ise T\u00fcrkiye&#039;nin tan\u0131nm\u0131\u015f \u00fcstadlar\u0131ndan Tahir B\u00fcy\u00fckk\u00f6r\u00fck\u00e7\u00fc hocan\u0131n o\u011flu Dr. Abdurrahman B\u00fcy\u00fckk\u00f6r\u00fck\u00e7\u00fc&nbsp; Peygamber Efendimizi g\u00fczel bir \u00fcslupla anlatt\u0131.<\/p>\n<p>Program, Kur&#039;\u00e2n Tilavetleri,&nbsp; &#8220;D\u00fcnyan\u0131n g\u00f6z\u00fcnde Hazreti Muhammed&#8221;\u009d sinevizyon g\u00f6sterisi, &#8220;Seccadem Kumlard\u0131&#8221;\u009d&nbsp; \u015eiiri, Konya Sema Gurubu&#039;nun&nbsp; Sema g\u00f6sterisi ve Maide-i Kur&#039;\u00e2n ile dolu dolu ger\u00e7ekle\u015ftirildi.&nbsp; <\/p>\n<p>A\u00e7\u0131l\u0131\u015f Kur&#039;an-\u0131 Kerim&#039;ini Avrupa Kur&#039;\u00e2n Okuma 3.s\u00fc Mustafa Yan\u00e7 okudu.  Daha sonra IGMG Berlin B\u00f6lge Ba\u015fkan\u0131 Siyami \u00d6zt\u00fcrk bir konu\u015fma yaparak,  anma g\u00fcnlerinin normalde insan\u0131n \u015ferefi ve olaylar\u0131n de\u011ferini  y\u00fckseltti\u011fini ifade ederek, bu anman\u0131n bizim de\u011ferimizi art\u0131rmak i\u00e7in  oldu\u011funu s\u00f6yledi. Allah Resul\u00fcn\u00fcn hayat\u0131ndan pasajlar aktaran Siyami  \u00d6zt\u00fcrk, insanl\u0131\u011f\u0131n bug\u00fcn i\u00e7inde bulundu\u011fu buhran\u0131n da Allah Resul\u00fc&#039;n\u00fcn  \u00f6rnek hayat\u0131ndan uzakla\u015fman\u0131n bir sonucu oldu\u011funu s\u00f6yledi. Daha sonra  konu\u015fmas\u0131na \u015f\u00f6yle devam etti. &#8220;Peygamberimizin hayat\u0131nda plan, disiplin,  proje ve ekip \u00e7al\u0131\u015fmas\u0131 vard\u0131r. Ba\u015far\u0131 ancak bununla m\u00fcmk\u00fcnd\u00fcr. Bizleri  zilletten izzete kavu\u015fturacak olan \u00e7are de peygamberi yoldur. Hazreti  Peygamber ahlak peygamberiydi. G\u00fczel ahlak onun g\u00f6nderilme \u015fifresidir.  G\u00fczel ahlak her\u015feyden \u00f6nce gelir. Hukuktan da \u00f6ncedir. \u00c7\u00fcnk\u00fc hukuk  olay\u0131n sonunda ceza verirken ahlak su\u00e7un i\u015flenmesine engel olmaktad\u0131r.  Kur&#039;an-\u0131&nbsp; anlamaya \u00e7al\u0131\u015fmayanlar, peygamberi tan\u0131maya \u00e7al\u0131\u015fmayanlar her  zaman zillet i\u00e7inde olacakt\u0131r.&nbsp;<br \/>\n &nbsp;<br \/>\n 11 Eyl\u00fcl&#039;den sonra bizler \u00f6tekiler durumuna d\u00fc\u015f\u00fcr\u00fcld\u00fck. \u0130nsani de\u011ferler  bile ki\u015filere g\u00f6re uygulamaya ba\u015fland\u0131. M\u00fcsl\u00fcman olunca hak arayana  farkl\u0131 uygulamalar yap\u0131lmaya ba\u015fland\u0131. Baz\u0131 \u00e7evreler&nbsp; engizisyon  mahkemelerini yeniden canland\u0131rma gayreti i\u00e7indeler. Temel hak ve  \u00f6zg\u00fcrl\u00fckler kapsam\u0131nda baz\u0131 uygulamarlar bile M\u00fcsl\u00fcmanlar olunca bir  taraf\u0131 farkl\u0131 yorumlanmaya ba\u015fland\u0131.<\/p>\n<p> 21.Y\u00fczy\u0131lda bile hala yery\u00fcz\u00fcnde z\u00fclum devam etmektedir. \u0130n\u015faallah&nbsp;  insanl\u0131k en k\u0131sa zamanda Peygamberin getirdi\u011fi o kutlu yolun fark\u0131na  varacakt\u0131r.&#039;&#039;<\/p>\n<p> Siyami \u00d6zt\u00fcrk, toplant\u0131n\u0131n insanl\u0131\u011f\u0131n kurutulu\u015funa vesile olmas\u0131 dile\u011fi  ile konu\u015fmas\u0131n\u0131 sonland\u0131rd\u0131.<\/p>\n<p>Daha sonra s\u00f6z alan IGMG Genel Ba\u015fkan\u0131 Yavuz \u00c7elik Karahan da  Peygamberimizin \u00f6rnekli\u011fine vurgu yaparak, &#8220;Kur&#039;\u00e2n-\u0131 Kerim&#039;in inmesiyle  insanl\u0131k ayd\u0131nlan\u0131rken, peygamberimizin do\u011fumu ile insanl\u0131k \u015feref  kazanm\u0131\u015ft\u0131r&#8221;\u009d dedi.<\/p>\n<p> Peygamberimizin \u00fcmmetini ne kadar \u00e7ok sevdi\u011fini de anlatan Karahan,  &#8220;Resul\u00fcllah&#039;\u0131n hayat\u0131n\u0131n her safhas\u0131nda \u00fcmmet sevgisi  g\u00f6r\u00fclmektedir.Mira\u00e7ta, hicrette, veda hutbesinde ve dualar\u0131nda \u00fcmmetin  aff\u0131n\u0131 ve sevgisini dile getirmektedir&#8221;\u009d dedi. &#8220;IGMG Te\u015fkilatlar\u0131n\u0131n de  hareket felsefesi Kur&#039;\u00e2n ve S\u00fcnnet \u00e7izgisidir&#8221;\u009d diyen Karahan,  konu\u015fmas\u0131na \u015f\u00f6yle devam etti: &#8220;Bizler iki sebepten dolay\u0131 bir tak\u0131m  \u00e7evrelerce su\u00e7lan\u0131yoruz. Hareket temelimize Kur&#039;\u00e2n ve S\u00fcnneti koydu\u011fumuz  i\u00e7in. E\u011fer Peygamberi \u00f6rnek almak ve O&#039;nun yolunda gitmek su\u00e7 ise,  ya\u015fad\u0131\u011f\u0131m\u0131z s\u00fcrece bu su\u00e7u i\u015flemeye devam edece\u011fiz. Bizim i\u00e7in bir  \u015fereftir. Veda Hutbesi`nde Peygamberimizin buyurdu\u011fu \u00fczere iki \u015feyden  asla ayr\u0131lmayaca\u011f\u0131z. Kur&#039;\u00e2n ve S\u00fcnnet. \u00c7\u00fcnk\u00fc bunlardan ayr\u0131lan zillete  d\u00fc\u015fer.<\/p>\n<p> \u0130kinci olarak da dini ve milli kimli\u011fe sahip insanlar yeti\u015ftirmeye  \u00e7al\u0131\u015ft\u0131\u011f\u0131m\u0131z i\u00e7in su\u00e7lan\u0131yoruz. Tabii ki, kimlikli insan hedefimiz. Bug\u00fcn  d\u00fcnyan\u0131n hali meydanda. Kimlik sorunu ya\u015fayan insanlar\u0131n neler  yapt\u0131\u011f\u0131n\u0131 herkes g\u00f6r\u00fcyor.&#8221;\u009d<\/p>\n<p> &#8220;D\u00fcnya&#039;n\u0131n G\u00f6z\u00fcnde Hz.Muhammed&#039;&#039; sinevizyonu uzun s\u00fcre alk\u0131\u015fland\u0131.  D\u00fcnyan\u0131n de\u011fi\u015fik yerlerinden de\u011fi\u015fik bran\u015flarda insanlar\u0131n  peygamberimize hayranl\u0131kar\u0131n\u0131n dile getirildi\u011fi sinevizyonda Peygamberimiz anlat\u0131ld\u0131.<\/p>\n<p> G\u00fcn\u00fcn konu\u015fmac\u0131s\u0131 ise Konya&#039;dan gelen Dr. Abdurrahman B\u00fcy\u00fckk\u00f6r\u00fck\u00e7\u00fc idi. Konu\u015fmac\u0131, Konya&#039;dan ve anavatandan selam getirdim diyerek ba\u015flad\u0131\u011f\u0131  konu\u015fmas\u0131nda, Kutlu Do\u011fum&#039;un insanl\u0131k tarihinin en b\u00fcy\u00fck ve en k\u0131ymetli  hadisesi oldu\u011funu idafe etti.<\/p>\n<p>B\u00fcy\u00fckk\u00f6r\u00fck\u00e7\u00fc daha sonra \u015funlar\u0131 ifade etti: &#039;&#039;\u015eirk,k\u00fcf\u00fcr ve cehalet  batakl\u0131\u011f\u0131nda y\u00fczen insanl\u0131k O&#039;nun gelmesiyle saadet asr\u0131na d\u00f6nd\u00fc.  Medeniyet ve huzur O&#039;nunla geldi. O olmasayd\u0131 hayat olmazd\u0131. O&#039;nu anmak, O&#039;nu anlamak ile m\u00fcmk\u00fcnd\u00fcr. Yoksa kuru bir hat\u0131rlama de\u011fil.  \u0130nsanl\u0131k Peygamberimize \u00e7ok \u015fey bor\u00e7ludur.Hayat\u0131n yeniden in\u015fas\u0131,  insan\u0131n yeniden de\u011fer kazanmas\u0131 O&#039;nun gelmesiyle m\u00fcmk\u00fcn oldu.&#8221;<br \/>\n&nbsp; <\/p>\n<p>Daha sonra program\u0131n ikinci b\u00f6l\u00fcm\u00fcne ge\u00e7ildi. Konya Sema gurubunun  tasavvuf musikisi e\u015fli\u011finde yapt\u0131\u011f\u0131 g\u00f6steri g\u00f6r\u00fclmeye de\u011ferdi.<\/p>\n<p> Ayr\u0131ca Karilerden \u0130ranl\u0131 Rahim Khaki ve T\u00fcrkiye&#039;den Ahmet \u00c7al\u0131\u015f\u0131r  Kur&#039;\u00e2n ziyafetiyle misafirleri mest etti. <\/p>\n<p>\u00c7ekili\u015fler ve sponsorlara  verilen hediyelerle devam eden program Berlin B\u00f6lge \u0130r\u015fad Ba\u015fkan\u0131 Orhan  Sar\u0131&#039;n\u0131n duas\u0131yla sona erdi.(ik)<\/p>\n","protected":false},"excerpt":{"rendered":"<p>\u0130slam Toplumu Milli G\u00f6r\u00fc\u015f Berlin B\u00f6lge Ba\u015fkanl\u0131\u011f\u0131&#8217;n\u0131n her y\u0131l gelenkesel hale getirdi\u011fi &#8220;Alemlere Rahmet Hazreti Muhammed ve M\u00e2ide-i Kur&#8217;\u00e2n&#8221;\u009d program\u0131  Berlin&#8217;in en b\u00fcy\u00fck salonlar\u0131ndan Tempodrom&#8217;da ger\u00e7ekle\u015ftirildi.<\/p>\n","protected":false},"author":1,"featured_media":0,"comment_status":"open","ping_status":"closed","sticky":false,"template":"","format":"standard","meta":{"ngg_post_thumbnail":0},"categories":[23238,24],"tags":[],"_links":{"self":[{"href":"https:\/\/www.igmg.org\/tr\/wp-json\/wp\/v2\/posts\/9665"}],"collection":[{"href":"https:\/\/www.igmg.org\/tr\/wp-json\/wp\/v2\/posts"}],"about":[{"href":"https:\/\/www.igmg.org\/tr\/wp-json\/wp\/v2\/types\/post"}],"author":[{"embeddable":true,"href":"https:\/\/www.igmg.org\/tr\/wp-json\/wp\/v2\/users\/1"}],"replies":[{"embeddable":true,"href":"https:\/\/www.igmg.org\/tr\/wp-json\/wp\/v2\/comments?post=9665"}],"version-history":[{"count":0,"href":"https:\/\/www.igmg.org\/tr\/wp-json\/wp\/v2\/posts\/9665\/revisions"}],"wp:attachment":[{"href":"https:\/\/www.igmg.org\/tr\/wp-json\/wp\/v2\/media?parent=9665"}],"wp:term":[{"taxonomy":"category","embeddable":true,"href":"https:\/\/www.igmg.org\/tr\/wp-json\/wp\/v2\/categories?post=9665"},{"taxonomy":"post_tag","embeddable":true,"href":"https:\/\/www.igmg.org\/tr\/wp-json\/wp\/v2\/tags?post=9665"}],"curies":[{"name":"wp","href":"https:\/\/api.w.org\/{rel}","templated":true}]}}