{"id":9688,"date":"2010-06-04T13:26:00","date_gmt":"2010-06-04T11:26:00","guid":{"rendered":"https:\/\/www.igmg.org\/?p=9688"},"modified":"2015-02-16T10:45:44","modified_gmt":"2015-02-16T09:45:44","slug":"kuraean-ve-peygamber-sevdalae%c2%b1larae%c2%b1-amsterdam-raiaea-akae%c2%b1n-etti","status":"publish","type":"post","link":"https:\/\/www.igmg.org\/tr\/kuraean-ve-peygamber-sevdalae%c2%b1larae%c2%b1-amsterdam-raiaea-akae%c2%b1n-etti\/","title":{"rendered":"Kur&#8217;an ve Peygamber sevdal\u0131lar\u0131 Amsterdam RAI&#8217;a ak\u0131n etti"},"content":{"rendered":"<p>Yakla\u015f\u0131k &nbsp;ikibin ki\u015finin kat\u0131ld\u0131\u011f\u0131 ve iki b\u00f6l\u00fcm halinde ger\u00e7ekle\u015fen program, \u00fcnl\u00fc sunucu Serdar Tuncer taraf\u0131ndan sunuldu. A\u00e7\u0131l\u0131\u015f Kur&#039;an-\u0131 Kerim&#039;i, Avrupa birincisi Ali R\u0131za Yaman taraf\u0131ndan okundu.<\/p>\n<p>Program a\u00e7\u0131l\u0131\u015f konu\u015fmas\u0131nda Federasyon Ba\u015fkan\u0131 Ahmed Duran, bu \u00f6nemli g\u00fcnde kendilerini yaln\u0131z b\u0131rakmayan b\u00fct\u00fcn kat\u0131l\u0131mc\u0131lara te\u015fekk\u00fcr ettikten sonra, Kur&#039;an&#039;\u0131n evrensel bir kitap oldu\u011funu ve d\u00fcnya \u00fczerindeki b\u00fct\u00fcn insanlar i\u00e7in ne kadar \u00f6nemli oldu\u011funu anlatan k\u0131sa bir konu\u015fma yapt\u0131. <\/p>\n<p>Programa destek olan sponsor kurulu\u015flara verilen plaketlerin ard\u0131ndan, tasavvuf m\u00fczi\u011finin sevilen ismi Mustafa G\u00fcne\u015fdo\u011fdu ve ekibi sevenleriyle hasret giderdi. Seslendirdi\u011fi birbirinden g\u00fczel eserlerle, salondakileri co\u015fturdu. <\/p>\n<p>Rotterdam El-Biruni \u00f6\u011frenci yurdu talebelerinin seslendirdi\u011fi ilahilerin ard\u0131ndan s\u00f6z alan g\u00fcn\u00fcn hatibi Mustafa Mullao\u011flu, &#8220;Peygamberimizi Anlamak&#8221;\u009d konulu bir konferans verdi. Peygamberimizin \u00fcmmeti i\u00e7in katland\u0131\u011f\u0131 s\u0131k\u0131nt\u0131lar\u0131 hat\u0131ralarla anlatan Mullao\u011flu, salondakilere s\u0131k s\u0131k duygulu anlar ya\u015fatt\u0131. &nbsp;<\/p>\n<p>Hatip Mustafa Mullao\u011flu&#039;dan sonra sahneye g\u00fcn\u00fcn \u00f6nemli isimlerinden Dursun Ali Ezincanl\u0131 geldi. Birbirinden g\u00fczel anlat\u0131mlarda bulunan Dursun Ali Erzincanl\u0131, salondakileri Asr-\u0131 Saadet&#039;e g\u00f6t\u00fcrd\u00fc.<\/p>\n<p>Program\u0131n birinci b\u00f6l\u00fcm\u00fcnde sunuculuk yapan Serdar Tuncer, program\u0131n ikinci b\u00f6l\u00fcm\u00fcnde Maide-i Kur&#039;an i\u00e7in sunuculu\u011fu Ali B\u00f6rek Hoca&#039;ya b\u0131rakt\u0131. \u0130kindi namaz\u0131 i\u00e7in verilen aran\u0131n ard\u0131ndan Ali B\u00f6rek, izleyicilere Kur&#039;an-\u0131 Kerim&#039;in \u00f6nemini anlatt\u0131, k\u00e2rileri tan\u0131tt\u0131. Kur&#039;an tilaveti ba\u015flamadan \u00f6nce izleyiciler Prisma Productie&#039;nin haz\u0131rlad\u0131\u011f\u0131 Kur&#039;an ile alakal\u0131 bir sinevizyon izledi. Sinevizyonun ard\u0131ndan k\u00fcrs\u00fcye gelen H\u00e2f\u0131z Adem Karabey g\u00fczel sesiyle Kur&#039;an tilavetinde bulundu. Adem Karabey&#039;in ard\u0131ndan k\u00fcrs\u00fcye \u0130ranl\u0131 H\u00e2f\u0131z Rahim Khaki gelerek kadife sesiyle g\u00f6n\u00fclleri mestetti. Kur&#039;an tilaveti i\u00e7in en son olarak k\u00fcrs\u00fcye 10 k\u0131raat \u00fczeri okuyabilen M\u0131s\u0131rl\u0131 Dr. Ahmed Naina geldi. Farkl\u0131 makamlarda okuyan Dr. Ahmed Naina, k\u0131raatiyle salondakilerin g\u00f6n\u00fcllerini mest etti.<\/p>\n<p>Kur&#039;an ziyafetinin ard\u0131ndan Ali B\u00f6rek &nbsp;ve \u0130slam Toplumu Milli  G\u00f6r\u00fc\u015f (IGMG) Kuzey Hollanda B\u00f6lge Ba\u015fkan\u0131 Ahmet Duran birer te\u015fekk\u00fcr  konu\u015fmas\u0131 yapt\u0131lar. Te\u015fekk\u00fcr konu\u015fmas\u0131nda yo\u011fun i\u015flerinden ve T\u00fcrkiye  seyahatinden dolay\u0131 programa kat\u0131lamayan IGMG Genel Ba\u015fkan\u0131 Yavuz \u00c7elik  Karahan&#039;\u0131n kat\u0131l\u0131mc\u0131lara dua ve selam\u0131 Ali B\u00f6rek taraf\u0131ndan iletildi.  IGMG Kuzey Hollanda B\u00f6lge Ba\u015fkan\u0131 Ahmet Duran, program\u0131n  ger\u00e7ekle\u015fmesinde eme\u011fi ge\u00e7en herkese, sponsorlara ve bas\u0131na te\u015fekk\u00fcr  etti. Te\u015fekk\u00fcr konu\u015fmas\u0131n\u0131n ard\u0131ndan organizeyi ger\u00e7ekle\u015ftiren IGMG  Kuzey Hollanda B\u00f6lge Tan\u0131tma Ba\u015fkan\u0131 Metin \u00c7a\u011fl\u0131&#039;ya, Kutlu Do\u011fum ve  Maide-i Kur&#039;an Komisyonu Ba\u015fkan\u0131 Adem \u00c7elikel&#039;e ve di\u011fer eme\u011fi ge\u00e7enlere  \u00e7i\u00e7ekler takdim edildi. <\/p>\n<p>Program\u0131n sonunda H\u00e2f\u0131z Adem Karabey, g\u00fcr ve  g\u00fczel sesiyle yats\u0131 namaz\u0131 i\u00e7in \u0130stanbul ezan\u0131 okudu. Misafirlerin  memnun kald\u0131\u011f\u0131 program Ali B\u00f6rek&#039;in duas\u0131yla son buldu. (ik)<\/p>\n","protected":false},"excerpt":{"rendered":"<p>Kuzey Hollanda Milli G\u00f6r\u00fc\u015f Federasyonu&#8217;nun Amsterdam RAI salonunda d\u00f6rd\u00fcnc\u00fcs\u00fcn\u00fc d\u00fczenlemi\u015f oldu\u011fu &#8220;Kutlu Do\u011fum ve Kur&#8217;an Ziyafeti&#8221;\u009d program\u0131 y\u00fczlerce Peygamber sevdal\u0131s\u0131n\u0131 bulu\u015fturdu.<\/p>\n","protected":false},"author":1,"featured_media":0,"comment_status":"open","ping_status":"closed","sticky":false,"template":"","format":"standard","meta":{"ngg_post_thumbnail":0},"categories":[23238,24],"tags":[],"_links":{"self":[{"href":"https:\/\/www.igmg.org\/tr\/wp-json\/wp\/v2\/posts\/9688"}],"collection":[{"href":"https:\/\/www.igmg.org\/tr\/wp-json\/wp\/v2\/posts"}],"about":[{"href":"https:\/\/www.igmg.org\/tr\/wp-json\/wp\/v2\/types\/post"}],"author":[{"embeddable":true,"href":"https:\/\/www.igmg.org\/tr\/wp-json\/wp\/v2\/users\/1"}],"replies":[{"embeddable":true,"href":"https:\/\/www.igmg.org\/tr\/wp-json\/wp\/v2\/comments?post=9688"}],"version-history":[{"count":0,"href":"https:\/\/www.igmg.org\/tr\/wp-json\/wp\/v2\/posts\/9688\/revisions"}],"wp:attachment":[{"href":"https:\/\/www.igmg.org\/tr\/wp-json\/wp\/v2\/media?parent=9688"}],"wp:term":[{"taxonomy":"category","embeddable":true,"href":"https:\/\/www.igmg.org\/tr\/wp-json\/wp\/v2\/categories?post=9688"},{"taxonomy":"post_tag","embeddable":true,"href":"https:\/\/www.igmg.org\/tr\/wp-json\/wp\/v2\/tags?post=9688"}],"curies":[{"name":"wp","href":"https:\/\/api.w.org\/{rel}","templated":true}]}}