{"id":9770,"date":"2010-06-15T10:00:00","date_gmt":"2010-06-15T08:00:00","guid":{"rendered":"https:\/\/www.igmg.org\/?p=9770"},"modified":"2015-02-16T10:45:42","modified_gmt":"2015-02-16T09:45:42","slug":"werlae-de-kermes-ayenliaeyi","status":"publish","type":"post","link":"https:\/\/www.igmg.org\/tr\/werlae-de-kermes-ayenliaeyi\/","title":{"rendered":"Werl&#8217; de kermes \u015fenli\u011fi"},"content":{"rendered":"<p>Te\u015fkilat\u0131n bahcesinde d\u00fczenlenen kermes \u015fenli\u011fi, okunan Kur&#8217;an-\u0131 Kerim ile ba\u015flad\u0131. \u015eenlik gerek Werl&#8217;den gerekse Werl \u00e7evresi kasabalardan kat\u0131lan gurbetcilerin yo\u011funla\u015fmas\u0131yla g\u00fczel g\u00f6r\u00fcnt\u00fclerin olu\u015fmas\u0131na vesile oldu. Gurbetci karde\u015flerimiz bir yandan standlar\u0131 gezerken bir yandan da nefis T\u00fcrk yemeklerini tatt\u0131lar.<\/p>\n<p>\u015eenli\u011fin ikinci g\u00fcn\u00fc Ravza ilahi grubu ekibinden Furkan Y\u0131ld\u0131z ve Veysel Ko\u00e7yi\u011fit&#8217; in beraber okudu\u011fu a\u00e7\u0131l\u0131\u015f Kur&#8217;an-\u0131 Kerim&#8217;i ile ba\u015flad\u0131. Grup Ravza&#8217;n\u0131n s\u00f6yledi\u011fi birbirinden g\u00fczel ilahiler kat\u0131l\u0131mc\u0131lara manevi anlar ya\u015fatt\u0131. Semazen g\u00f6sterileri ve \u00e7ocuklara y\u00f6nelik yap\u0131lan etkinlikler gelenler taraf\u0131ndan ilgi ile takip edildi. Kermesin ikinci g\u00fcn\u00fc IGMG Ruhr-A B\u00f6lge Y\u00fcr\u00fctme Kurulu&#8217;ndan ba\u015fta B\u00f6lge Ba\u015fkan\u0131 \u00d6zcan Kuri olmak \u00fczere b\u00f6lge y\u00f6neticileri kermesi ziyaret ettiler. <\/p>\n<p>Te\u015fkilat\u0131n b\u00fct\u00fcn birimlerinin elele vererek haz\u0131rlad\u0131klar\u0131 program, pazar g\u00fcn\u00fcn\u00fcn &nbsp;ak\u015fam saatlerine kadar devam etti. (ik)<\/p>\n","protected":false},"excerpt":{"rendered":"<p>IGMG Ruhr-A B\u00f6lgesi&#8217;ne ba\u011fl\u0131 olarak Werl&#8217;de on y\u0131ld\u0131r k\u00fclt\u00fcrel ve e\u011fitim alanlar\u0131nda faaliyetlerini s\u00fcrd\u00fcren \u00d6nder e.V  iki g\u00fcnl\u00fck kermes \u015fenli\u011fi d\u00fczenleyerek Werl ve \u00e7evresinde ya\u015fayanlardan b\u00fcy\u00fck ilgi ald\u0131.<\/p>\n","protected":false},"author":1,"featured_media":0,"comment_status":"open","ping_status":"closed","sticky":false,"template":"","format":"standard","meta":{"ngg_post_thumbnail":0},"categories":[23238,24],"tags":[],"_links":{"self":[{"href":"https:\/\/www.igmg.org\/tr\/wp-json\/wp\/v2\/posts\/9770"}],"collection":[{"href":"https:\/\/www.igmg.org\/tr\/wp-json\/wp\/v2\/posts"}],"about":[{"href":"https:\/\/www.igmg.org\/tr\/wp-json\/wp\/v2\/types\/post"}],"author":[{"embeddable":true,"href":"https:\/\/www.igmg.org\/tr\/wp-json\/wp\/v2\/users\/1"}],"replies":[{"embeddable":true,"href":"https:\/\/www.igmg.org\/tr\/wp-json\/wp\/v2\/comments?post=9770"}],"version-history":[{"count":0,"href":"https:\/\/www.igmg.org\/tr\/wp-json\/wp\/v2\/posts\/9770\/revisions"}],"wp:attachment":[{"href":"https:\/\/www.igmg.org\/tr\/wp-json\/wp\/v2\/media?parent=9770"}],"wp:term":[{"taxonomy":"category","embeddable":true,"href":"https:\/\/www.igmg.org\/tr\/wp-json\/wp\/v2\/categories?post=9770"},{"taxonomy":"post_tag","embeddable":true,"href":"https:\/\/www.igmg.org\/tr\/wp-json\/wp\/v2\/tags?post=9770"}],"curies":[{"name":"wp","href":"https:\/\/api.w.org\/{rel}","templated":true}]}}