{"id":9801,"date":"2010-06-16T14:17:00","date_gmt":"2010-06-16T12:17:00","guid":{"rendered":"https:\/\/www.igmg.org\/?p=9801"},"modified":"2015-02-16T10:45:41","modified_gmt":"2015-02-16T09:45:41","slug":"hannoveraede-9-aeslam-haftasae%c2%b1","status":"publish","type":"post","link":"https:\/\/www.igmg.org\/tr\/hannoveraede-9-aeslam-haftasae%c2%b1\/","title":{"rendered":"Hannover&#8217;de 9. \u0130slam Haftas\u0131"},"content":{"rendered":"<p>Program Dr.&nbsp;Abdurrahman B\u00fcy\u00fckk\u00f6r\u00fck\u00e7\u00fc&#8217;n\u00fcn cuma sohbeti ile ba\u015flad\u0131. Cuma namaz\u0131n\u0131n akabinde IGMG Hannover B\u00f6lge Ba\u015fkan\u0131 Kadir&nbsp;S\u00fcr\u00fcc\u00fc misafirlerle birlikte 9. \u0130slam Haftas\u0131&#8217;n\u0131n a\u00e7\u0131l\u0131\u015f\u0131n\u0131 yapt\u0131. Sorumlulu\u011funu kad\u0131n kollar\u0131n\u0131n \u00fcstlendi\u011fi kermesin yan\u0131s\u0131ra &nbsp;Kanal 7&#8242;&nbsp;de yapt\u0131\u011f\u0131 programla tan\u0131nan bitkisel \u00fcr\u00fcnler uzman\u0131 Mustafa Ayd\u0131ner bitkilerin faydalar\u0131yla ilgili bir seminer verdi.Hasan Sad\u0131ki ve Ali Seyid Hasani&#8217;nin Kuran tilavetinin ard\u0131ndan B\u00f6lge Tan\u0131tma Ba\u015fkan\u0131 Davut Toklu karilere plaketlerini takdim etti.<\/p>\n<p>Program\u0131n ikinci g\u00fcn\u00fc t\u00fcm cemaatle birlikte yap\u0131lan kahvalt\u0131n\u0131n ard\u0131ndan e\u011fitim merkezi&nbsp;ana s\u0131n\u0131f\u0131 \u00f6\u011frencilerinin&nbsp;s\u00f6yledikleri ilahiler salondan b\u00fcy\u00fck alk\u0131\u015f ald\u0131. \u00d6\u011fleden sonra ise Temel Bilgiler Bilgi Yar\u0131\u015fmas\u0131&#8217;n\u0131n b\u00f6lge finali ger\u00e7ekle\u015fitirildi. E\u011fitimci Hatice \u015eahin&#8217;in &#8220;Anne -babalar\u0131n \u00e7ocuklara kar\u015f\u0131 g\u00f6revleri&#8221;\u009d konulu semineri ilgi ile takip edildi. Sanat\u00e7\u0131lar \u00d6mer&nbsp;Karao\u011flu ve \u0130smail T\u00fczen izleyenlere unutulmaz birer konser verdiler. Yine sanat\u00e7\u0131 H\u00fcseyin Goncag\u00fcl, karakterile \u00e7ocuklara y\u00f6nelik ske\u00e7ler yapt\u0131. Siyer-i Nebi&nbsp; sohbetleri ve kitaplar\u0131yla bilinen \u00d6mer D\u00f6ngelo\u011flu&#8217;nun Hz. Peygamber&#8217;in hayat\u0131n\u0131 konu edindi\u011fi sohbeti dinleyicilere duygu dolu anlar ya\u015fatt\u0131. <\/p>\n<p>Program\u0131n son g\u00fcn\u00fcnde ise yine toplu olarak yap\u0131lan kahvalt\u0131n\u0131n ard\u0131ndan Hukuk\u00e7u Selma \u00d6zt\u00fcrk \u0130slam dini hakk\u0131nda Almanlara y\u00f6nelik bir seminer verdi.&nbsp;(ss)<\/p>\n","protected":false},"excerpt":{"rendered":"<p>IGMG Hannover B\u00f6lgesi Braunschweig \u015eubesi taraf\u0131ndan organize edilen 9. \u0130slam Haftas\u0131 14-16 May\u0131s tarihleri aras\u0131nda, birbirinden de\u011ferli yazar ve sanat\u00e7\u0131lar\u0131n kat\u0131l\u0131m\u0131yla ger\u00e7ekle\u015ftirildi.<\/p>\n","protected":false},"author":1,"featured_media":0,"comment_status":"open","ping_status":"closed","sticky":false,"template":"","format":"standard","meta":{"ngg_post_thumbnail":0},"categories":[23238,24],"tags":[],"_links":{"self":[{"href":"https:\/\/www.igmg.org\/tr\/wp-json\/wp\/v2\/posts\/9801"}],"collection":[{"href":"https:\/\/www.igmg.org\/tr\/wp-json\/wp\/v2\/posts"}],"about":[{"href":"https:\/\/www.igmg.org\/tr\/wp-json\/wp\/v2\/types\/post"}],"author":[{"embeddable":true,"href":"https:\/\/www.igmg.org\/tr\/wp-json\/wp\/v2\/users\/1"}],"replies":[{"embeddable":true,"href":"https:\/\/www.igmg.org\/tr\/wp-json\/wp\/v2\/comments?post=9801"}],"version-history":[{"count":0,"href":"https:\/\/www.igmg.org\/tr\/wp-json\/wp\/v2\/posts\/9801\/revisions"}],"wp:attachment":[{"href":"https:\/\/www.igmg.org\/tr\/wp-json\/wp\/v2\/media?parent=9801"}],"wp:term":[{"taxonomy":"category","embeddable":true,"href":"https:\/\/www.igmg.org\/tr\/wp-json\/wp\/v2\/categories?post=9801"},{"taxonomy":"post_tag","embeddable":true,"href":"https:\/\/www.igmg.org\/tr\/wp-json\/wp\/v2\/tags?post=9801"}],"curies":[{"name":"wp","href":"https:\/\/api.w.org\/{rel}","templated":true}]}}