{"id":9896,"date":"2010-06-30T10:00:00","date_gmt":"2010-06-30T08:00:00","guid":{"rendered":"https:\/\/www.igmg.org\/?p=9896"},"modified":"2015-02-16T10:45:39","modified_gmt":"2015-02-16T09:45:39","slug":"ruhr-a-kadae%c2%b1nlar-teaykilatae%c2%b1-azube-baaykanlarae%c2%b1-toplandae%c2%b1","status":"publish","type":"post","link":"https:\/\/www.igmg.org\/tr\/ruhr-a-kadae%c2%b1nlar-teaykilatae%c2%b1-azube-baaykanlarae%c2%b1-toplandae%c2%b1\/","title":{"rendered":"Ruhr A Kad\u0131nlar Te\u015fkilat\u0131 \u015eube Ba\u015fkanlar\u0131 topland\u0131"},"content":{"rendered":"<p>\u015eube ba\u015fkanlar\u0131n\u0131n icra kurullar\u0131 ile birlikte kat\u0131ld\u0131\u011f\u0131 toplant\u0131, b\u00f6lge sekreteri Hilal T\u00fcrky\u0131lmaz&#039;\u0131n yoklama almas\u0131yla ba\u015flad\u0131. Misafir konu\u015fmac\u0131&nbsp; olarak davet edilen Ruhr A B\u00f6lge Ba\u015fkan\u0131 \u00d6zcan Kuri selamlama konu\u015fmas\u0131nda b\u00f6lge \u00e7al\u0131\u015fmalar\u0131 ve yeni b\u00f6lge binas\u0131&nbsp; hakk\u0131nda bilgi verdi. <\/p>\n<p>Akabinde B\u00f6lge Kad\u0131nlar Te\u015fkilat\u0131 Ba\u015fkan\u0131 Havva Yaz\u0131c\u0131 selamlama konu\u015fmas\u0131 yapmak \u00fczere s\u00f6z ald\u0131. \u015eubelerin de\u011ferlendirilmesinde hangi kriterlerin g\u00f6z \u00f6n\u00fcne al\u0131nd\u0131\u011f\u0131n\u0131 a\u00e7\u0131klayan Yaz\u0131c\u0131, Temel E\u011fitim ve Gen\u00e7lik E\u011fitim Kurslar\u0131 hakk\u0131nda bilgilendirmede bulundu.<\/p>\n<p>Selamlama konu\u015fmalar\u0131n\u0131n ard\u0131ndan 2009\/ 2010 \u00e7al\u0131\u015fma y\u0131l\u0131 i\u00e7inde Onur Belgesi`ni hak eden cemiyetin Gladbeck oldu\u011fu a\u00e7\u0131kland\u0131. Takdir Belgesi`ni Gelsenkirchen &#8211; Hassel Cemiyeti, Te\u015fekk\u00fcr Belgesi`ni ise Iserlohn Cemiyeti ald\u0131. <\/p>\n<p>\u015eubelerin yaz\u0131l\u0131 dilek ve temennilerinin al\u0131nd\u0131\u011f\u0131 son b\u00f6l\u00fcmde b\u00fct\u00fcn cemiyetlere gayretlerinden \u00f6t\u00fcr\u00fc te\u015fekk\u00fcr edilip, ba\u015far\u0131lar\u0131n\u0131n devam\u0131 dilendi. Bet\u00fcl \u00d6zbay&#039;\u0131n kapan\u0131\u015f duas\u0131 ile son bulan toplant\u0131n\u0131n ard\u0131ndan ev sahipli\u011fini \u00fcstlenen Bestwig \u015eubesi kat\u0131l\u0131mc\u0131lara mangal ziyafeti sundu.(ss)<\/p>\n","protected":false},"excerpt":{"rendered":"<p>\u0130slam Toplumu Milli G\u00f6r\u00fc\u015f Ruhr A B\u00f6lgesi Kad\u0131nlar Te\u015fkilat\u0131 2009-2010 \u00e7al\u0131\u015fma y\u0131l\u0131n\u0131n son \u015eube Ba\u015fkanlar\u0131 Toplant\u0131s\u0131&#8217;n\u0131 Bestwig Cemiyeti&#8217;nde yapt\u0131.<\/p>\n","protected":false},"author":1,"featured_media":0,"comment_status":"open","ping_status":"closed","sticky":false,"template":"","format":"standard","meta":{"ngg_post_thumbnail":0},"categories":[23238,24,23257],"tags":[],"_links":{"self":[{"href":"https:\/\/www.igmg.org\/tr\/wp-json\/wp\/v2\/posts\/9896"}],"collection":[{"href":"https:\/\/www.igmg.org\/tr\/wp-json\/wp\/v2\/posts"}],"about":[{"href":"https:\/\/www.igmg.org\/tr\/wp-json\/wp\/v2\/types\/post"}],"author":[{"embeddable":true,"href":"https:\/\/www.igmg.org\/tr\/wp-json\/wp\/v2\/users\/1"}],"replies":[{"embeddable":true,"href":"https:\/\/www.igmg.org\/tr\/wp-json\/wp\/v2\/comments?post=9896"}],"version-history":[{"count":0,"href":"https:\/\/www.igmg.org\/tr\/wp-json\/wp\/v2\/posts\/9896\/revisions"}],"wp:attachment":[{"href":"https:\/\/www.igmg.org\/tr\/wp-json\/wp\/v2\/media?parent=9896"}],"wp:term":[{"taxonomy":"category","embeddable":true,"href":"https:\/\/www.igmg.org\/tr\/wp-json\/wp\/v2\/categories?post=9896"},{"taxonomy":"post_tag","embeddable":true,"href":"https:\/\/www.igmg.org\/tr\/wp-json\/wp\/v2\/tags?post=9896"}],"curies":[{"name":"wp","href":"https:\/\/api.w.org\/{rel}","templated":true}]}}